{"id":8512,"date":"2025-03-07T23:53:52","date_gmt":"2025-03-07T23:53:52","guid":{"rendered":"https:\/\/republica.com.do\/banco-de-proyectos\/?p=8512"},"modified":"2025-10-10T16:07:02","modified_gmt":"2025-10-10T16:07:02","slug":"comment-les-sons-faconnent-notre-mythologie-et-nos-croyances-collectives","status":"publish","type":"post","link":"https:\/\/republica.com.do\/banco-de-proyectos\/en\/comment-les-sons-faconnent-notre-mythologie-et-nos-croyances-collectives\/","title":{"rendered":"Comment les sons fa\u00e7onnent notre mythologie et nos croyances collectives"},"content":{"rendered":"<div style=\"margin: 20px; font-family: Arial, sans-serif; line-height: 1.6; font-size: 18px; color: #333;\">\n<h2 style=\"color: #34495e; border-bottom: 2px solid #bdc3c7; padding-bottom: 8px;\">Table des mati\u00e8res<\/h2>\n<ul style=\"list-style-type: disc; padding-left: 20px;\">\n<li><a href=\"#introduction\" style=\"color: #2980b9; text-decoration: none;\">Introduction : l\u2019impact des sons sur la perception collective<\/a><\/li>\n<li><a href=\"#construction-mythes\" style=\"color: #2980b9; text-decoration: none;\">La dimension sonore dans la construction des mythes et croyances<\/a><\/li>\n<li><a href=\"#transcender-helmholtz\" style=\"color: #2980b9; text-decoration: none;\">Transition du scientifique au symbolique : d\u00e9passer Helmholtz<\/a><\/li>\n<li><a href=\"#vibration-emotion\" style=\"color: #2980b9; text-decoration: none;\">La vibration et l\u2019\u00e9motion : comment le son influence l\u2019\u00e2me et la conscience<\/a><\/li>\n<li><a href=\"#rituels\" style=\"color: #2980b9; text-decoration: none;\">Les sons dans les rituels et les pratiques spirituelles \u00e0 travers les cultures<\/a><\/li>\n<li><a href=\"#symbolique-mythes\" style=\"color: #2980b9; text-decoration: none;\">La symbolique des sons dans la mythologie mondiale<\/a><\/li>\n<li><a href=\"#croyances-modernes\" style=\"color: #2980b9; text-decoration: none;\">L\u2019influence des sons dans la formation des croyances collectives modernes<\/a><\/li>\n<li><a href=\"#science-contemporaine\" style=\"color: #2980b9; text-decoration: none;\">La science moderne face aux mythes sonores : de Helmholtz \u00e0 la neuropsychologie<\/a><\/li>\n<li><a href=\"#identite-culture\" style=\"color: #2980b9; text-decoration: none;\">La r\u00e9sonance des sons dans la construction identitaire et culturelle<\/a><\/li>\n<li><a href=\"#approche-integr\u00e9e\" style=\"color: #2980b9; text-decoration: none;\">Vers une compr\u00e9hension int\u00e9gr\u00e9e : du symbolisme ancien \u00e0 la science contemporaine<\/a><\/li>\n<li><a href=\"#conclusion\" style=\"color: #2980b9; text-decoration: none;\">Conclusion : renouer avec le pouvoir mythologique des sons dans notre culture contemporaine<\/a><\/li>\n<\/ul>\n<h2 id=\"introduction\" style=\"color: #34495e; border-bottom: 2px solid #bdc3c7; padding-bottom: 8px; margin-top: 40px;\">Introduction : l\u2019impact des sons sur la perception collective<\/h2>\n<p style=\"margin-top: 10px;\">Depuis la nuit des temps, le son occupe une place essentielle dans la formation de nos repr\u00e9sentations du monde. Il ne se limite pas \u00e0 une simple vibration audible ; il devient un vecteur puissant de symbolisme, de croyances et de mythes qui fa\u00e7onnent notre imaginaire collectif. La capacit\u00e9 du son \u00e0 influencer notre perception n&#8217;est pas seulement une question physiologique, mais aussi une construction culturelle et spirituelle, profond\u00e9ment ancr\u00e9e dans l&#8217;histoire des civilisations.<\/p>\n<h3 style=\"margin-top: 20px;\">Les sons, entre science et mythologie<\/h3>\n<p>Le lien entre le son et la mythologie a \u00e9t\u00e9 explor\u00e9 d\u00e8s le XIXe si\u00e8cle, notamment par des chercheurs comme Hermann von Helmholtz, dont les travaux sur la perception auditive ont permis de comprendre comment les vibrations sonores sont interpr\u00e9t\u00e9es par notre cerveau. Cependant, au-del\u00e0 de cette dimension scientifique, les sons ont toujours \u00e9t\u00e9 investis d\u2019un pouvoir symbolique, \u00e9voquant des forces cosmiques ou divines. La transition du scientifique au symbolique est essentielle pour appr\u00e9hender la fa\u00e7on dont notre culture a int\u00e9gr\u00e9 ces vibrations dans ses r\u00e9cits mythologiques.<\/p>\n<h2 id=\"construction-mythes\" style=\"color: #34495e; border-bottom: 2px solid #bdc3c7; padding-bottom: 8px; margin-top: 40px;\">La dimension sonore dans la construction des mythes et croyances<\/h2>\n<p style=\"margin-top: 10px;\">Dans toutes les soci\u00e9t\u00e9s, le son a \u00e9t\u00e9 utilis\u00e9 comme un outil de transmission de r\u00e9cits fondateurs, de l\u00e9gendes ou de rituels. La voix des anciens, les chants sacr\u00e9s, ou encore les sons produits par des instruments sp\u00e9cifiques, ont particip\u00e9 \u00e0 fa\u00e7onner une m\u00e9moire collective. Par exemple, en France, la tradition des chants gr\u00e9goriens ou des hymnes nationaux contribue \u00e0 renforcer un sentiment d\u2019unit\u00e9 et d\u2019appartenance, tout en inscrivant dans la m\u00e9moire collective des mythes modernes autour de l\u2019identit\u00e9 nationale.<\/p>\n<h2 id=\"transcender-helmholtz\" style=\"color: #34495e; border-bottom: 2px solid #bdc3c7; padding-bottom: 8px; margin-top: 40px;\">Transition du scientifique au symbolique : d\u00e9passer Helmholtz<\/h2>\n<p style=\"margin-top: 10px;\">Si Helmholtz a permis de comprendre la perception des sons sur le plan physiologique, il est aussi n\u00e9cessaire d\u2019int\u00e9grer leur r\u00f4le dans la sph\u00e8re symbolique. Les sonorit\u00e9s sacr\u00e9es, comme celles du chant choral ou des instruments traditionnels, poss\u00e8dent un pouvoir \u00e9motionnel et mythologique qui d\u00e9passe la simple analyse acoustique. En France, la musique religieuse ou les polyphonies bretonnes illustrent cette capacit\u00e9 \u00e0 \u00e9voquer des forces invisibles et \u00e0 renforcer la coh\u00e9sion sociale \u00e0 travers des vibrations sonores particuli\u00e8res.<\/p>\n<h2 id=\"vibration-emotion\" style=\"color: #34495e; border-bottom: 2px solid #bdc3c7; padding-bottom: 8px; margin-top: 40px;\">La vibration et l\u2019\u00e9motion : comment le son influence l\u2019\u00e2me et la conscience<\/h2>\n<p style=\"margin-top: 10px;\">Les recherches en neuropsychologie ont montr\u00e9 que certains sons, notamment les fr\u00e9quences basses ou les rythmes r\u00e9p\u00e9titifs, peuvent induire des \u00e9tats de transe ou de m\u00e9ditation profonde. En France, les pratiques chamaniques ou la m\u00e9ditation sonore utilisent ces vibrations pour acc\u00e9der \u00e0 des niveaux de conscience modifi\u00e9s. Ces exp\u00e9riences illustrent comment le son devient un pont entre le corps, l\u2019\u00e2me et la conscience collective, renfor\u00e7ant l\u2019id\u00e9e qu\u2019il est un vecteur de transformation int\u00e9rieure et de lien avec le sacr\u00e9.<\/p>\n<h3 style=\"margin-top: 20px;\">L\u2019impact \u00e9motionnel des sons<\/h3>\n<p>Les sons ont la capacit\u00e9 de d\u00e9clencher des r\u00e9actions physiologiques et \u00e9motionnelles rapides. Par exemple, la tonalit\u00e9 grave d\u2019un chant fun\u00e8bre peut \u00e9voquer le deuil, tandis qu\u2019un air de f\u00eate peut stimuler la joie et la convivialit\u00e9. Ces r\u00e9ponses, souvent instinctives, participent \u00e0 la construction de mythes modernes, o\u00f9 la musique devient un langage universel capable de transcender les barri\u00e8res culturelles.<\/p>\n<h2 id=\"rituels\" style=\"color: #34495e; border-bottom: 2px solid #bdc3c7; padding-bottom: 8px; margin-top: 40px;\">Les sons dans les rituels et les pratiques spirituelles \u00e0 travers les cultures<\/h2>\n<p style=\"margin-top: 10px;\">Partout dans le monde, les cultures ont utilis\u00e9 le son dans leurs rites pour invoquer des divinit\u00e9s, purifier ou prot\u00e9ger. En Occident, la musique sacr\u00e9e du chant gr\u00e9gorien ou des chants chr\u00e9tiens a permis de cr\u00e9er une atmosph\u00e8re propice \u00e0 la communion avec le divin. En Orient, les pratiques m\u00e9ditatives avec des bols chantants tib\u00e9tains ou le son du gong jouent un r\u00f4le similaire, facilitant l\u2019acc\u00e8s \u00e0 un espace sacr\u00e9. Ces sons, charg\u00e9s de symbolisme, servent de supports pour transmettre des mythes et des valeurs spirituelles, inscrits dans la m\u00e9moire collective.<\/p>\n<h2 id=\"symbolique-mythes\" style=\"color: #34495e; border-bottom: 2px solid #bdc3c7; padding-bottom: 8px; margin-top: 40px;\">La symbolique des sons dans la mythologie mondiale<\/h2>\n<p style=\"margin-top: 10px;\">Dans la mythologie, le son est souvent incarn\u00e9 comme une force cr\u00e9atrice ou destructrice. Par exemple, dans la mythologie nordique, le rugissement de J\u00f6rmungandr ou le tonnerre de Thor \u00e9voquent des forces naturelles puissantes. En \u00c9gypte ancienne, le son du Nil ou celui des incantations sacr\u00e9es \u00e9tait consid\u00e9r\u00e9 comme une manifestation de la parole divine. Ces repr\u00e9sentations montrent que le son n\u2019est pas simplement audible, mais qu\u2019il incarne des \u00e9nergies fondamentales, fa\u00e7onnant l\u2019univers mythologique.<\/p>\n<h3 style=\"margin-top: 20px;\">Exemples mythologiques<\/h3>\n<ul style=\"margin-top: 10px; padding-left: 20px;\">\n<li><strong>Les sons du cosmos :<\/strong> dans la mythologie grecque, le son de l\u2019univers \u00e9tait associ\u00e9 \u00e0 la musique des sph\u00e8res, symbole d\u2019ordre cosmique.<\/li>\n<li><strong>Les voix divines :<\/strong> dans la mythologie \u00e9gyptienne, la parole du pharaon ou des dieux \u00e9tait consid\u00e9r\u00e9e comme une force cr\u00e9atrice capable d\u2019insuffler la vie.<\/li>\n<li><strong>Le pouvoir destructeur :<\/strong> dans la mythologie nordique, le tonnerre de Thor ou le rugissement de Fenrir incarnent des forces destructrices mais essentielles \u00e0 l\u2019\u00e9quilibre mythologique.<\/li>\n<\/ul>\n<h2 id=\"croyances-modernes\" style=\"color: #34495e; border-bottom: 2px solid #bdc3c7; padding-bottom: 8px; margin-top: 40px;\">L\u2019influence des sons dans la formation des croyances collectives modernes<\/h2>\n<p style=\"margin-top: 10px;\">Aujourd\u2019hui, la musique et le cin\u00e9ma jouent un r\u00f4le central dans la cr\u00e9ation de nouveaux mythes. La bande sonore d\u2019un film peut renforcer l\u2019\u00e9motion d\u2019une sc\u00e8ne, voire fa\u00e7onner la perception collective d\u2019un h\u00e9ros ou d\u2019une id\u00e9ologie. En France, la chanson engag\u00e9e ou les bandes originales de films embl\u00e9matiques participent \u00e0 la construction d\u2019un imaginaire collectif, o\u00f9 certains sons deviennent des symboles identitaires ou politiques.<\/p>\n<h3 style=\"margin-top: 20px;\">Les sons comme vecteurs id\u00e9ologiques<\/h3>\n<p>La propagande, la publicit\u00e9 ou les discours politiques utilisent \u00e9galement le son pour manipuler les masses. La r\u00e9p\u00e9tition d\u2019un jingle ou la tonalit\u00e9 d\u2019un discours peuvent renforcer une id\u00e9e ou un st\u00e9r\u00e9otype, cr\u00e9ant ainsi des mythes modernes qui influencent la soci\u00e9t\u00e9.<\/p>\n<h2 id=\"science-contemporaine\" style=\"color: #34495e; border-bottom: 2px solid #bdc3c7; padding-bottom: 8px; margin-top: 40px;\">La science moderne face aux mythes sonores : de Helmholtz \u00e0 la neuropsychologie<\/h2>\n<p style=\"margin-top: 10px;\">Les avanc\u00e9es en neuropsychologie ont permis de mieux comprendre comment le cerveau r\u00e9agit aux sons. Des \u00e9tudes r\u00e9centes montrent que certaines fr\u00e9quences ou rythmes peuvent activer des zones sp\u00e9cifiques du cerveau, notamment celles li\u00e9es aux \u00e9motions et \u00e0 la m\u00e9moire. Ces d\u00e9couvertes red\u00e9finissent le r\u00f4le mythologique des sons : ils ne seraient plus seulement des vecteurs de croyance, mais aussi des \u00e9l\u00e9ments fondamentaux de notre architecture cognitive.<\/p>\n<h3 style=\"margin-top: 20px;\">Les recherches contemporaines<\/h3>\n<p>Des travaux men\u00e9s par des neuroscientifiques fran\u00e7ais, comme Stanislas Dehaene ou Jean-Philippe Lachaux, confirment que les sons peuvent moduler notre \u00e9tat de conscience, influen\u00e7ant nos croyances et nos comportements \u00e0 un niveau profond. La compr\u00e9hension de ces m\u00e9canismes ouvre la voie \u00e0 une int\u00e9gration entre science et mythologie, pour mieux saisir le pouvoir des vibrations sonores dans la soci\u00e9t\u00e9.<\/p>\n<h2 id=\"identite-culture\" style=\"color: #34495e; border-bottom: 2px solid #bdc3c7; padding-bottom: 8px; margin-top: 40px;\">La r\u00e9sonance des sons dans la construction identitaire et culturelle<\/h2>\n<p style=\"margin-top: 10px;\">Les chants nationaux, hymnes ou musiques traditionnelles jouent un r\u00f4le central dans la d\u00e9finition de l\u2019identit\u00e9 collective. En France, la Marseillaise ou l\u2019Hymne \u00e0 la joie sont plus que des m\u00e9lodies : ils incarnent des mythes modernes li\u00e9s \u00e0 la libert\u00e9, \u00e0 la r\u00e9sistance ou \u00e0 la fraternit\u00e9. Dans les m\u00e9dias et la publicit\u00e9, certains sons ou motifs musicaux deviennent \u00e9galement des symboles identitaires, renfor\u00e7ant le sentiment d\u2019appartenance \u00e0 une communaut\u00e9.<\/p>\n<h3 style=\"margin-top: 20px;\">Les mythes modernes dans les m\u00e9dias<\/h3>\n<p>Les sons utilis\u00e9s dans la publicit\u00e9 ou les s\u00e9ries t\u00e9l\u00e9vis\u00e9es participent \u00e0 cr\u00e9er une ambiance ou \u00e0 v\u00e9hiculer des valeurs. Par exemple, la musique \u00e9pique dans les bandes-annonces de films ou les jingles publicitaires jouent un r\u00f4le dans la construction d\u2019un imaginaire collectif, o\u00f9 certains sons deviennent synonyme de succ\u00e8s, de s\u00e9curit\u00e9 ou de modernit\u00e9.<\/p>\n<h2 id=\"approche-integr\u00e9e\" style=\"color: #34495e; border-bottom: 2px solid #bdc3c7; padding-bottom: 8px; margin-top: 40px;\">Vers une compr\u00e9hension int\u00e9gr\u00e9e : du symbolisme ancien \u00e0 la science contemporaine<\/h2>\n<p style=\"margin-top: 10px;\">L\u2019\u00e9tude approfondie des sons r\u00e9v\u00e8le une synergie entre leur r\u00f4le mythologique ancien et leur compr\u00e9hension scientifique moderne. La synth\u00e8se de ces approches permet d\u2019appr\u00e9hender le pouvoir des vibrations sonores dans la soci\u00e9t\u00e9 contemporaine, tout en respectant leur dimension sacr\u00e9e. La recherche en neuropsychologie, combin\u00e9e \u00e0 l\u2019analyse culturelle, ouvre des perspectives innovantes pour exploiter le potentiel des sons dans la construction de soci\u00e9t\u00e9s plus conscientes de leur h\u00e9ritage symbolique.<\/p>\n<h3 style=\"margin-top: 20px;\">Perspectives d\u2019avenir<\/h3>\n<p>Les avanc\u00e9es technologiques, notamment dans les domaines de la r\u00e9alit\u00e9 virtuelle ou de la th\u00e9rapie sonore, pourraient renforcer cette interaction entre science et mythologie. La red\u00e9couverte du pouvoir symbolique des sons pourrait ainsi contribuer \u00e0 une soci\u00e9t\u00e9 plus harmonieuse, o\u00f9 chaque vibration participe \u00e0 la construction d\u2019un avenir collectif plus \u00e9clair\u00e9.<\/p>\n<h2 id=\"conclusion\" style=\"color: #34495e; border-bottom: 2px solid #bdc3c7; padding-bottom: 8px; margin-top: 40px;\">Conclusion : renouer avec le pouvoir mythologique des sons dans notre culture contemporaine<\/h2>\n<p style=\"margin-top: 10px;\">En d\u00e9finitive, l\u2019histoire des sons t\u00e9moigne de leur capacit\u00e9 \u00e0 fa\u00e7onner nos mythes, nos croyances et notre identit\u00e9 collective. De Helmholtz \u00e0 la mythologie nordique, en passant par les rituels modernes ou la science contemporaine, il appara\u00eet que le son demeure un vecteur pr\u00e9cieux de sens et de pouvoir. Il nous appartient aujourd\u2019hui de red\u00e9couvrir et d\u2019int\u00e9grer pleinement ce potentiel dans notre soci\u00e9t\u00e9, afin de construire un avenir o\u00f9 chaque vibration sonore contribue \u00e0 renforcer notre coh\u00e9sion et notre conscience collective.<\/p>\n<p style=\"margin-top: 10px;\"><strong>Pour approfondir ce sujet fascinant, consultez l\u2019article complet : <a href=\"https:\/\/www.weblandcenter.com\/2025\/08\/22\/les-mysteres-des-sons-de-helmholtz-a-la-mythologie-nordique\/\" style=\"color: #2980b9; text-decoration: underline;\">Les myst\u00e8res des sons : de Helmholtz \u00e0 la mythologie nordique<\/a>.<\/strong><\/p>\n<\/div>","protected":false},"excerpt":{"rendered":"<p>Table des mati\u00e8res Introduction : l\u2019impact des sons sur la perception collective La dimension sonore dans la construction des mythes et croyances Transition du scientifique au symbolique : d\u00e9passer Helmholtz La vibration et l\u2019\u00e9motion : comment le son influence l\u2019\u00e2me et la conscience Les sons dans les rituels et les pratiques spirituelles \u00e0 travers les [&hellip;]<\/p>\n","protected":false},"author":8,"featured_media":0,"comment_status":"closed","ping_status":"","sticky":false,"template":"","format":"standard","meta":{"_acf_changed":false,"nf_dc_page":"","site-sidebar-layout":"default","site-content-layout":"","ast-site-content-layout":"default","site-content-style":"default","site-sidebar-style":"default","ast-global-header-display":"","ast-banner-title-visibility":"","ast-main-header-display":"","ast-hfb-above-header-display":"","ast-hfb-below-header-display":"","ast-hfb-mobile-header-display":"","site-post-title":"","ast-breadcrumbs-content":"","ast-featured-img":"","footer-sml-layout":"","ast-disable-related-posts":"","theme-transparent-header-meta":"","adv-header-id-meta":"","stick-header-meta":"","header-above-stick-meta":"","header-main-stick-meta":"","header-below-stick-meta":"","astra-migrate-meta-layouts":"default","ast-page-background-enabled":"default","ast-page-background-meta":{"desktop":{"background-color":"var(--ast-global-color-4)","background-image":"","background-repeat":"repeat","background-position":"center center","background-size":"auto","background-attachment":"scroll","background-type":"","background-media":"","overlay-type":"","overlay-color":"","overlay-opacity":"","overlay-gradient":""},"tablet":{"background-color":"","background-image":"","background-repeat":"repeat","background-position":"center center","background-size":"auto","background-attachment":"scroll","background-type":"","background-media":"","overlay-type":"","overlay-color":"","overlay-opacity":"","overlay-gradient":""},"mobile":{"background-color":"","background-image":"","background-repeat":"repeat","background-position":"center center","background-size":"auto","background-attachment":"scroll","background-type":"","background-media":"","overlay-type":"","overlay-color":"","overlay-opacity":"","overlay-gradient":""}},"ast-content-background-meta":{"desktop":{"background-color":"var(--ast-global-color-5)","background-image":"","background-repeat":"repeat","background-position":"center center","background-size":"auto","background-attachment":"scroll","background-type":"","background-media":"","overlay-type":"","overlay-color":"","overlay-opacity":"","overlay-gradient":""},"tablet":{"background-color":"var(--ast-global-color-5)","background-image":"","background-repeat":"repeat","background-position":"center center","background-size":"auto","background-attachment":"scroll","background-type":"","background-media":"","overlay-type":"","overlay-color":"","overlay-opacity":"","overlay-gradient":""},"mobile":{"background-color":"var(--ast-global-color-5)","background-image":"","background-repeat":"repeat","background-position":"center center","background-size":"auto","background-attachment":"scroll","background-type":"","background-media":"","overlay-type":"","overlay-color":"","overlay-opacity":"","overlay-gradient":""}},"footnotes":""},"categories":[10],"tags":[],"class_list":["post-8512","post","type-post","status-publish","format-standard","hentry","category-sin-categoria-es"],"acf":[],"_links":{"self":[{"href":"https:\/\/republica.com.do\/banco-de-proyectos\/en\/wp-json\/wp\/v2\/posts\/8512","targetHints":{"allow":["GET"]}}],"collection":[{"href":"https:\/\/republica.com.do\/banco-de-proyectos\/en\/wp-json\/wp\/v2\/posts"}],"about":[{"href":"https:\/\/republica.com.do\/banco-de-proyectos\/en\/wp-json\/wp\/v2\/types\/post"}],"author":[{"embeddable":true,"href":"https:\/\/republica.com.do\/banco-de-proyectos\/en\/wp-json\/wp\/v2\/users\/8"}],"replies":[{"embeddable":true,"href":"https:\/\/republica.com.do\/banco-de-proyectos\/en\/wp-json\/wp\/v2\/comments?post=8512"}],"version-history":[{"count":1,"href":"https:\/\/republica.com.do\/banco-de-proyectos\/en\/wp-json\/wp\/v2\/posts\/8512\/revisions"}],"predecessor-version":[{"id":8513,"href":"https:\/\/republica.com.do\/banco-de-proyectos\/en\/wp-json\/wp\/v2\/posts\/8512\/revisions\/8513"}],"wp:attachment":[{"href":"https:\/\/republica.com.do\/banco-de-proyectos\/en\/wp-json\/wp\/v2\/media?parent=8512"}],"wp:term":[{"taxonomy":"category","embeddable":true,"href":"https:\/\/republica.com.do\/banco-de-proyectos\/en\/wp-json\/wp\/v2\/categories?post=8512"},{"taxonomy":"post_tag","embeddable":true,"href":"https:\/\/republica.com.do\/banco-de-proyectos\/en\/wp-json\/wp\/v2\/tags?post=8512"}],"curies":[{"name":"wp","href":"https:\/\/api.w.org\/{rel}","templated":true}]}}