{"id":8520,"date":"2025-04-07T06:15:04","date_gmt":"2025-04-07T06:15:04","guid":{"rendered":"https:\/\/republica.com.do\/banco-de-proyectos\/?p=8520"},"modified":"2025-10-10T20:16:02","modified_gmt":"2025-10-10T20:16:02","slug":"comment-la-perception-du-temps-influence-notre-rapport-a-la-musique-et-a-la-realite","status":"publish","type":"post","link":"https:\/\/republica.com.do\/banco-de-proyectos\/en\/comment-la-perception-du-temps-influence-notre-rapport-a-la-musique-et-a-la-realite\/","title":{"rendered":"Comment la perception du temps influence notre rapport \u00e0 la musique et \u00e0 la r\u00e9alit\u00e9"},"content":{"rendered":"<div style=\"margin: 20px 0; font-family: Arial, sans-serif; line-height: 1.6; color: #34495e;\">\n<h2 style=\"font-size: 1.8em; border-bottom: 2px solid #bdc3c7; padding-bottom: 10px; margin-top: 40px;\">Table des mati\u00e8res<\/h2>\n<ul style=\"list-style-type: disc; padding-left: 20px;\">\n<li style=\"margin-top: 10px;\"><a href=\"#introduction\" style=\"color: #2980b9; text-decoration: none;\">Introduction : La perception du temps, un enjeu central dans la compr\u00e9hension de la r\u00e9alit\u00e9 et de la musique<\/a><\/li>\n<li style=\"margin-top: 10px;\"><a href=\"#temporalite-subjective\" style=\"color: #2980b9; text-decoration: none;\">La temporalit\u00e9 subjective : comment notre perception du temps fa\u00e7onne notre exp\u00e9rience musicale<\/a><\/li>\n<li style=\"margin-top: 10px;\"><a href=\"#temporalite-realite\" style=\"color: #2980b9; text-decoration: none;\">La temporalit\u00e9 et la construction de la r\u00e9alit\u00e9 : au-del\u00e0 de l\u2019exp\u00e9rience sensorielle<\/a><\/li>\n<li style=\"margin-top: 10px;\"><a href=\"#perception-numerique\" style=\"color: #2980b9; text-decoration: none;\">La perception du temps \u00e0 l\u2019\u00e8re num\u00e9rique : d\u00e9fis et transformations<\/a><\/li>\n<li style=\"margin-top: 10px;\"><a href=\"#synchronisation\" style=\"color: #2980b9; text-decoration: none;\">La synchronisation entre musique et perception du temps : une exploration sensorielle et cognitive<\/a><\/li>\n<li style=\"margin-top: 10px;\"><a href=\"#philosophie\" style=\"color: #2980b9; text-decoration: none;\">La perception du temps et la philosophie de la r\u00e9alit\u00e9 : perspectives fran\u00e7aises contemporaines<\/a><\/li>\n<li style=\"margin-top: 10px;\"><a href=\"#memoire-musicale\" style=\"color: #2980b9; text-decoration: none;\">La m\u00e9moire musicale et la construction de l\u2019identit\u00e9 temporelle individuelle et collective<\/a><\/li>\n<li style=\"margin-top: 10px;\"><a href=\"#conclusion\" style=\"color: #2980b9; text-decoration: none;\">Conclusion : Revenir \u00e0 la r\u00e9flexion initiale \u2014 la musique, le temps et la paradoxe de Z\u00e9non dans une perspective moderne<\/a><\/li>\n<\/ul>\n<h2 id=\"introduction\" style=\"font-size: 1.8em; border-bottom: 2px solid #bdc3c7; padding-bottom: 10px; margin-top: 40px;\">Introduction : La perception du temps, un enjeu central dans la compr\u00e9hension de la r\u00e9alit\u00e9 et de la musique<\/h2>\n<p style=\"margin-top: 15px;\">Depuis l&#8217;Antiquit\u00e9, la question du temps a fascin\u00e9 philosophes, scientifiques et artistes. La perception que nous avons du temps n\u2019est pas simplement une donn\u00e9e objective, mais une exp\u00e9rience subjective qui influence profond\u00e9ment notre rapport au monde, \u00e0 la musique et \u00e0 notre propre existence. Le paradoxe de Z\u00e9non, illustrant l\u2019id\u00e9e d\u2019un mouvement \u00e9ternellement divisible et d\u2019un temps infini, trouve aujourd\u2019hui une r\u00e9sonance particuli\u00e8re dans la mani\u00e8re dont nous vivons et interpr\u00e9tons la r\u00e9alit\u00e9 \u00e0 l\u2019\u00e8re moderne. La musique, en tant qu\u2019art du temps, devient alors une lentille \u00e0 travers laquelle il est possible d\u2019explorer cette complexit\u00e9, en r\u00e9v\u00e9lant comment notre perception du temps fa\u00e7onne notre exp\u00e9rience sensible et cognitive. <a href=\"https:\/\/andas.org.br\/le-paradoxe-de-zenon-et-la-musique-des-cavernes-modernes-une-exploration-philosophique-scientifique-et-culturelle\/\" style=\"color: #2980b9; text-decoration: underline;\">Le paradoxe de Z\u00e9non et la musique des cavernes modernes<\/a> constitue une r\u00e9f\u00e9rence essentielle pour comprendre ces dynamiques, en proposant une exploration entre philosophie, sciences et culture.<\/p>\n<h3 style=\"margin-top: 20px; font-weight: normal;\">Dans cette optique, nous allons examiner comment la perception du temps, \u00e0 la fois individuelle et collective, influence notre rapport \u00e0 la musique et \u00e0 la r\u00e9alit\u00e9, en tissant des liens entre ph\u00e9nom\u00e8nes sensoriels, constructions culturelles et r\u00e9flexions philosophiques, notamment \u00e0 partir des perspectives fran\u00e7aises contemporaines.<\/h3>\n<h2 id=\"temporalite-subjective\" style=\"font-size: 1.8em; border-bottom: 2px solid #bdc3c7; padding-bottom: 10px; margin-top: 40px;\">La temporalit\u00e9 subjective : comment notre perception du temps fa\u00e7onne notre exp\u00e9rience musicale<\/h2>\n<h3 style=\"margin-top: 20px; font-weight: normal;\">a. La diff\u00e9rence entre temps objectif et temps v\u00e9cu<\/h3>\n<p style=\"margin-top: 15px;\">Il est crucial de distinguer le temps objectif, celui mesur\u00e9 par les horloges et les chronom\u00e8tres, du temps v\u00e9cu, qui est subjectif et fluctuant selon nos \u00e9tats psychologiques, nos activit\u00e9s et nos \u00e9motions. En musique, cette distinction se traduit par la capacit\u00e9 de l\u2019auditeur \u00e0 percevoir une dur\u00e9e qui peut sembler s\u2019\u00e9tirer ou se contracter, en fonction de sa concentration ou de ses attentes. Par exemple, un morceau de musique peut para\u00eetre interminable lorsqu\u2019il ne retient pas notre attention, ou au contraire s\u2019\u00e9couler rapidement lorsqu\u2019il nous emporte dans une exp\u00e9rience immersive.<\/p>\n<h3 style=\"margin-top: 20px; font-weight: normal;\">b. La fluidit\u00e9 de la perception temporelle lors de l\u2019\u00e9coute musicale<\/h3>\n<p style=\"margin-top: 15px;\">Les neurosciences ont montr\u00e9 que notre cerveau construit une perception du temps en int\u00e9grant des stimuli sensoriels et \u00e9motionnels. Lorsqu\u2019on \u00e9coute de la musique, cette perception devient particuli\u00e8rement fluide, permettant \u00e0 l\u2019auditeur de se laisser transporter par le rythme et la m\u00e9lodie. La synesth\u00e9sie auditive ou la capacit\u00e9 \u00e0 anticiper les changements rythmiques illustrent cette fluidit\u00e9, qui peut aussi expliquer pourquoi certaines compositions semblent suspendues dans le temps ou, au contraire, infiniment rapides.<\/p>\n<h3 style=\"margin-top: 20px; font-weight: normal;\">c. Impacts sur la m\u00e9moire et l\u2019\u00e9motion musicale<\/h3>\n<p style=\"margin-top: 15px;\">La perception du temps influence directement la mani\u00e8re dont nous m\u00e9morisons la musique et en ressentons l\u2019\u00e9motion. Une \u00e9tude fran\u00e7aise publi\u00e9e dans la revue \u00ab Neuropsychologia \u00bb a montr\u00e9 que la m\u00e9moire musicale est \u00e9troitement li\u00e9e \u00e0 la fa\u00e7on dont nous percevons la temporalit\u00e9 personnelle. La musique peut ainsi \u00e9voquer des souvenirs d\u2019enfance ou des moments pr\u00e9cis, en recr\u00e9ant une temporalit\u00e9 subjective qui d\u00e9passe la simple dur\u00e9e objective de la pi\u00e8ce. Cela explique aussi pourquoi certains morceaux restent grav\u00e9s en nous, comme une empreinte temporelle ind\u00e9l\u00e9bile.<\/p>\n<h2 id=\"temporalite-realite\" style=\"font-size: 1.8em; border-bottom: 2px solid #bdc3c7; padding-bottom: 10px; margin-top: 40px;\">La temporalit\u00e9 et la construction de la r\u00e9alit\u00e9 : au-del\u00e0 de l\u2019exp\u00e9rience sensorielle<\/h2>\n<h3 style=\"margin-top: 20px; font-weight: normal;\">a. La perception du temps dans la cr\u00e9ation et la compr\u00e9hension de la r\u00e9alit\u00e9 quotidienne<\/h3>\n<p style=\"margin-top: 15px;\">Dans la vie quotidienne, notre perception du temps est au c\u0153ur de l\u2019organisation sociale, de la planification et de l\u2019action. La philosophie fran\u00e7aise, notamment \u00e0 travers Descartes ou Bergson, a insist\u00e9 sur la distinction entre le temps mesur\u00e9 et le temps v\u00e9cu, soulignant que notre conscience du temps fa\u00e7onne notre rapport \u00e0 la r\u00e9alit\u00e9. La musique, en tant qu\u2019art du temps, devient alors un miroir de cette construction, en r\u00e9v\u00e9lant comment nos perceptions peuvent varier selon le contexte culturel ou individuel.<\/p>\n<h3 style=\"margin-top: 20px; font-weight: normal;\">b. La relativit\u00e9 du temps dans les contextes culturels et philosophiques fran\u00e7ais<\/h3>\n<p style=\"margin-top: 15px;\">La philosophie fran\u00e7aise a souvent abord\u00e9 la relativit\u00e9 du temps, notamment avec Henri Bergson, pour qui le temps n\u2019est pas une donn\u00e9e fixe mais une exp\u00e9rience int\u00e9rieure en constante \u00e9volution. La musique, \u00e0 travers ses multiples formes et rythmiques, peut ainsi \u00eatre per\u00e7ue comme un vecteur de cette relativit\u00e9, en permettant \u00e0 chacun de vivre le temps selon sa propre cadence. La chanson fran\u00e7aise, par exemple, utilise fr\u00e9quemment le tempo pour exprimer des \u00e9tats d\u2019\u00e2me ou des r\u00e9flexions existentielles, illustrant cette dimension subjective.<\/p>\n<h3 style=\"margin-top: 20px; font-weight: normal;\">c. La musique comme miroir de notre perception temporelle de la r\u00e9alit\u00e9<\/h3>\n<p style=\"margin-top: 15px;\">En somme, la musique ne se contente pas de repr\u00e9senter le temps, elle le construit et le questionne. Elle devient un miroir de nos perceptions, r\u00e9v\u00e9lant la pluralit\u00e9 des exp\u00e9riences temporelles possibles. \u00c0 la mani\u00e8re des \u0153uvres de Debussy ou de Ravel, qui jouent sur la fluidit\u00e9 et la fragmentation du temps, la musique invite \u00e0 une exploration int\u00e9rieure o\u00f9 la perception du temps se d\u00e9ploie dans ses multiples dimensions.<\/p>\n<h2 id=\"perception-numerique\" style=\"font-size: 1.8em; border-bottom: 2px solid #bdc3c7; padding-bottom: 10px; margin-top: 40px;\">La perception du temps \u00e0 l\u2019\u00e8re num\u00e9rique : d\u00e9fis et transformations<\/h2>\n<h3 style=\"margin-top: 20px; font-weight: normal;\">a. La rapidit\u00e9 de l\u2019information et ses effets sur notre perception du temps<\/h3>\n<p style=\"margin-top: 15px;\">L\u2019av\u00e8nement d\u2019Internet et des technologies num\u00e9riques a acc\u00e9l\u00e9r\u00e9 notre rapport au temps. La disponibilit\u00e9 imm\u00e9diate de l\u2019information modifie notre perception, rendant le temps plus condens\u00e9 et fragment\u00e9. Cette vitesse influence aussi la fa\u00e7on dont nous consommons la musique, privil\u00e9giant souvent des formats courts ou des clips vid\u00e9o, ce qui peut alt\u00e9rer la perception de la dur\u00e9e et de la profondeur de l\u2019exp\u00e9rience auditive.<\/p>\n<h3 style=\"margin-top: 20px; font-weight: normal;\">b. La musique num\u00e9rique et ses nouvelles temporalit\u00e9s<\/h3>\n<p style=\"margin-top: 15px;\">Les plateformes de streaming, avec leurs algorithmes et leurs playlists personnalis\u00e9es, cr\u00e9ent une nouvelle temporalit\u00e9. La musique n\u2019est plus simplement une \u0153uvre fixe, mais une exp\u00e9rience fluide o\u00f9 le temps peut \u00eatre acc\u00e9l\u00e9r\u00e9, ralenti ou fragment\u00e9 selon les choix de l\u2019utilisateur. Ces nouveaux modes de consommation remettent en question la notion de dur\u00e9e et de continuit\u00e9 dans l\u2019\u00e9coute.<\/p>\n<h3 style=\"margin-top: 20px; font-weight: normal;\">c. La fragmentation temporelle et ses implications pour la cognition et l\u2019\u00e9motion<\/h3>\n<p style=\"margin-top: 15px;\">La fragmentation du temps, amplifi\u00e9e par la d\u00e9connexion num\u00e9rique ou la multit\u00e2che, influence notre capacit\u00e9 \u00e0 vivre pleinement l\u2019exp\u00e9rience musicale. Elle peut conduire \u00e0 une r\u00e9duction de la concentration, mais aussi \u00e0 de nouvelles formes de perception, o\u00f9 l\u2019\u00e9motion se construit \u00e0 partir de fragments plut\u00f4t que d\u2019un tout coh\u00e9rent. La recherche en neuroscience cognitive souligne que cette \u00e9volution pourrait transformer durablement notre rapport \u00e0 la temporalit\u00e9 et \u00e0 l\u2019\u00e9motion musicale.<\/p>\n<h2 id=\"synchronisation\" style=\"font-size: 1.8em; border-bottom: 2px solid #bdc3c7; padding-bottom: 10px; margin-top: 40px;\">La synchronisation entre musique et perception du temps : une exploration sensorielle et cognitive<\/h2>\n<h3 style=\"margin-top: 20px; font-weight: normal;\">a. La perception du rythme et du tempo dans la musique<\/h3>\n<p style=\"margin-top: 15px;\">Le rythme et le tempo sont essentiels pour structurer la perception du temps dans la musique. La capacit\u00e9 \u00e0 percevoir et \u00e0 synchroniser son propre corps avec ces \u00e9l\u00e9ments, comme dans la danse ou le chant collectif, t\u00e9moigne d\u2019une interaction profonde entre perception sensorielle et cognition. En France, la recherche en musicologie souligne l\u2019importance de ces \u00e9l\u00e9ments pour la coh\u00e9sion sociale et l\u2019expression culturelle.<\/p>\n<h3 style=\"margin-top: 20px; font-weight: normal;\">b. L\u2019impact de la synchronisation sur l\u2019\u00e9tat de conscience et la relaxation<\/h3>\n<p style=\"margin-top: 15px;\">Des \u00e9tudes montrent que la synchronisation avec la musique peut induire des \u00e9tats de relaxation profonde ou de transe, en modulant la perception du temps. La pratique de la m\u00e9ditation sonore ou du yoga sonore, par exemple, exploite cette capacit\u00e9 \u00e0 \u00ab aligner \u00bb le corps et l\u2019esprit, offrant une exp\u00e9rience o\u00f9 la perception du temps devient fluide et subjective.<\/p>\n<h3 style=\"margin-top: 20px; font-weight: normal;\">c. La musique comme outil pour moduler notre perception du temps<\/h3>\n<p style=\"margin-top: 15px;\">Les compositeurs contemporains et les musicoth\u00e9rapeutes utilisent la musique pour aider \u00e0 r\u00e9guler la perception du temps, en particulier dans des contextes th\u00e9rapeutiques ou \u00e9ducatifs. Par exemple, la musique th\u00e9rapeutique en France, notamment dans la prise en charge des troubles du spectre autistique, montre comment la manipulation du rythme peut transformer la perception temporelle et favoriser le bien-\u00eatre.<\/p>\n<h2 id=\"philosophie\" style=\"font-size: 1.8em; border-bottom: 2px solid #bdc3c7; padding-bottom: 10px; margin-top: 40px;\">La perception du temps et la philosophie de la r\u00e9alit\u00e9 : perspectives fran\u00e7aises contemporaines<\/h2>\n<h3 style=\"margin-top: 20px; font-weight: normal;\">a. Influences des penseurs fran\u00e7ais sur la conception du temps et de la r\u00e9alit\u00e9<\/h3>\n<p style=\"margin-top: 15px;\">Les philosophes fran\u00e7ais, tels que Bergson, Deleuze ou Foucault, ont profond\u00e9ment influenc\u00e9 notre compr\u00e9hension du temps. Bergson, en particulier, a mis en avant l\u2019id\u00e9e d\u2019un temps v\u00e9cu, en opposition au temps scientifique, insistant sur la dur\u00e9e int\u00e9rieure et la continuit\u00e9 de l\u2019exp\u00e9rience. La musique, dans cette optique, devient une pratique permettant d\u2019acc\u00e9der \u00e0 cette r\u00e9alit\u00e9 subjective, o\u00f9 le temps se d\u00e9ploie dans une infinit\u00e9 de nuances.<\/p>\n<h3 style=\"margin-top: 20px; font-weight: normal;\">b. La musique comme voie d\u2019exploration philosophique du temps<\/h3>\n<p style=\"margin-top: 15px;\">De nombreux compositeurs fran\u00e7ais, comme Debussy ou Messiaen, ont explicitement cherch\u00e9 \u00e0 repr\u00e9senter ou \u00e0 explorer la perception du temps \u00e0 travers leurs \u0153uvres. La musique devient alors un langage philosophique, permettant d\u2019interroger la nature m\u00eame du temps, ses illusions et ses paradoxes, en \u00e9cho au paradoxe de Z\u00e9non.<\/p>\n<h3 style=\"margin-top: 20px; font-weight: normal;\">c. La cit\u00e9, la culture et la temps : une r\u00e9flexion sur l\u2019espace social et temporel<\/h3>\n<p style=\"margin-top: 15px;\">Les espaces urbains en France, comme Paris ou Lyon, incarnent cette id\u00e9e d\u2019un temps social dynamique, o\u00f9 la culture, l\u2019architecture et la musique participent \u00e0 une construction collective de la temporalit\u00e9. La cit\u00e9 devient alors un lieu o\u00f9 se croisent diff\u00e9rentes perceptions du temps, reflet des enjeux sociaux, politiques et culturels, en continuit\u00e9 avec la r\u00e9flexion philosophique sur la relativit\u00e9 du temps.<\/p>\n<h2 id=\"memoire-musicale\" style=\"font-size: 1.8em; border-bottom: 2px solid #bdc3c7; padding-bottom: 10px; margin-top: 40px;\">La m\u00e9moire musicale et la construction de l\u2019identit\u00e9 temporelle individuelle et collective<\/h2>\n<h3 style=\"margin-top: 20px; font-weight: normal;\">a. Comment la musique forge notre rapport pass\u00e9-futur<\/h3>\n<p style=\"margin-top: 15px;\">La m\u00e9moire musicale agit comme un pont entre le pass\u00e9 et le futur, permettant \u00e0 l\u2019individu et \u00e0 la soci\u00e9t\u00e9 de se construire une identit\u00e9 temporelle. En France, la chanson populaire ou la musique classique jouent un r\u00f4le essentiel dans la transmission de valeurs et d\u2019exp\u00e9riences, fa\u00e7onnant le souvenir collectif et l\u2019imaginaire social.<\/p>\n<h3 style=\"margin-top: 20px; font-weight: normal;\">b. La m\u00e9moire musicale dans la culture fran\u00e7aise et ses enjeux identitaires<\/h3>\n<p style=\"margin-top: 15px;\">Les \u00e9v\u00e9nements musicaux, les archives sonores et les traditions participent \u00e0 la constitution d\u2019une m\u00e9moire collective. La chanson engag\u00e9e ou la musique r\u00e9volutionnaire, par exemple, deviennent des vecteurs de m\u00e9moire et d\u2019engagement, contribuant \u00e0 forger une identit\u00e9 nationale ou r\u00e9gionale face \u00e0 l\u2019\u00e9ph\u00e9m\u00e8re du temps.<\/p>\n<h3 style=\"margin-top: 20px; font-weight: normal;\">c. La musique comme vecteur de transmission du v\u00e9cu temporel<\/h3>\n<p style=\"margin-top: 15px;\">En d\u00e9finitive, la musique ne se contente pas de repr\u00e9senter le temps, elle le transmet, le transforme et le perp\u00e9tue. Elle devient un vecteur essentiel pour la transmission de l\u2019exp\u00e9rience humaine, permettant \u00e0 chaque g\u00e9n\u00e9ration de se reconnecter \u00e0 ses racines temporelles tout en inventant de nouvelles formes d\u2019expression.<\/p>\n<h2 id=\"conclusion\" style=\"font-size: 1.8em; border-bottom: 2px solid #bdc3c7; padding-bottom: 10px; margin-top: 40px;\">Conclusion : Revenir \u00e0 la r\u00e9flexion initiale \u2014 la musique, le temps et la paradoxe de Z\u00e9non dans une perspective moderne<\/h2>\n<blockquote style=\"margin-top: 15px; padding-left: 15px; border-left: 4px solid #bdc3c7; background-color: #f9f9f9;\">\n<p style=\"margin: 0;\">\u00ab La musique, tout comme la philosophie, nous invite \u00e0 r\u00e9fl\u00e9chir sur la nature du temps, entre illusion et r\u00e9alit\u00e9, mouvement<\/p>\n<\/blockquote>\n<\/div>","protected":false},"excerpt":{"rendered":"<p>Table des mati\u00e8res Introduction : La perception du temps, un enjeu central dans la compr\u00e9hension de la r\u00e9alit\u00e9 et de la musique La temporalit\u00e9 subjective : comment notre perception du temps fa\u00e7onne notre exp\u00e9rience musicale La temporalit\u00e9 et la construction de la r\u00e9alit\u00e9 : au-del\u00e0 de l\u2019exp\u00e9rience sensorielle La perception du temps \u00e0 l\u2019\u00e8re num\u00e9rique [&hellip;]<\/p>\n","protected":false},"author":8,"featured_media":0,"comment_status":"closed","ping_status":"","sticky":false,"template":"","format":"standard","meta":{"_acf_changed":false,"nf_dc_page":"","site-sidebar-layout":"default","site-content-layout":"","ast-site-content-layout":"default","site-content-style":"default","site-sidebar-style":"default","ast-global-header-display":"","ast-banner-title-visibility":"","ast-main-header-display":"","ast-hfb-above-header-display":"","ast-hfb-below-header-display":"","ast-hfb-mobile-header-display":"","site-post-title":"","ast-breadcrumbs-content":"","ast-featured-img":"","footer-sml-layout":"","ast-disable-related-posts":"","theme-transparent-header-meta":"","adv-header-id-meta":"","stick-header-meta":"","header-above-stick-meta":"","header-main-stick-meta":"","header-below-stick-meta":"","astra-migrate-meta-layouts":"default","ast-page-background-enabled":"default","ast-page-background-meta":{"desktop":{"background-color":"var(--ast-global-color-4)","background-image":"","background-repeat":"repeat","background-position":"center center","background-size":"auto","background-attachment":"scroll","background-type":"","background-media":"","overlay-type":"","overlay-color":"","overlay-opacity":"","overlay-gradient":""},"tablet":{"background-color":"","background-image":"","background-repeat":"repeat","background-position":"center center","background-size":"auto","background-attachment":"scroll","background-type":"","background-media":"","overlay-type":"","overlay-color":"","overlay-opacity":"","overlay-gradient":""},"mobile":{"background-color":"","background-image":"","background-repeat":"repeat","background-position":"center center","background-size":"auto","background-attachment":"scroll","background-type":"","background-media":"","overlay-type":"","overlay-color":"","overlay-opacity":"","overlay-gradient":""}},"ast-content-background-meta":{"desktop":{"background-color":"var(--ast-global-color-5)","background-image":"","background-repeat":"repeat","background-position":"center center","background-size":"auto","background-attachment":"scroll","background-type":"","background-media":"","overlay-type":"","overlay-color":"","overlay-opacity":"","overlay-gradient":""},"tablet":{"background-color":"var(--ast-global-color-5)","background-image":"","background-repeat":"repeat","background-position":"center center","background-size":"auto","background-attachment":"scroll","background-type":"","background-media":"","overlay-type":"","overlay-color":"","overlay-opacity":"","overlay-gradient":""},"mobile":{"background-color":"var(--ast-global-color-5)","background-image":"","background-repeat":"repeat","background-position":"center center","background-size":"auto","background-attachment":"scroll","background-type":"","background-media":"","overlay-type":"","overlay-color":"","overlay-opacity":"","overlay-gradient":""}},"footnotes":""},"categories":[10],"tags":[],"class_list":["post-8520","post","type-post","status-publish","format-standard","hentry","category-sin-categoria-es"],"acf":[],"_links":{"self":[{"href":"https:\/\/republica.com.do\/banco-de-proyectos\/en\/wp-json\/wp\/v2\/posts\/8520","targetHints":{"allow":["GET"]}}],"collection":[{"href":"https:\/\/republica.com.do\/banco-de-proyectos\/en\/wp-json\/wp\/v2\/posts"}],"about":[{"href":"https:\/\/republica.com.do\/banco-de-proyectos\/en\/wp-json\/wp\/v2\/types\/post"}],"author":[{"embeddable":true,"href":"https:\/\/republica.com.do\/banco-de-proyectos\/en\/wp-json\/wp\/v2\/users\/8"}],"replies":[{"embeddable":true,"href":"https:\/\/republica.com.do\/banco-de-proyectos\/en\/wp-json\/wp\/v2\/comments?post=8520"}],"version-history":[{"count":1,"href":"https:\/\/republica.com.do\/banco-de-proyectos\/en\/wp-json\/wp\/v2\/posts\/8520\/revisions"}],"predecessor-version":[{"id":8521,"href":"https:\/\/republica.com.do\/banco-de-proyectos\/en\/wp-json\/wp\/v2\/posts\/8520\/revisions\/8521"}],"wp:attachment":[{"href":"https:\/\/republica.com.do\/banco-de-proyectos\/en\/wp-json\/wp\/v2\/media?parent=8520"}],"wp:term":[{"taxonomy":"category","embeddable":true,"href":"https:\/\/republica.com.do\/banco-de-proyectos\/en\/wp-json\/wp\/v2\/categories?post=8520"},{"taxonomy":"post_tag","embeddable":true,"href":"https:\/\/republica.com.do\/banco-de-proyectos\/en\/wp-json\/wp\/v2\/tags?post=8520"}],"curies":[{"name":"wp","href":"https:\/\/api.w.org\/{rel}","templated":true}]}}