{"id":8908,"date":"2025-04-10T07:10:28","date_gmt":"2025-04-10T07:10:28","guid":{"rendered":"https:\/\/republica.com.do\/banco-de-proyectos\/?p=8908"},"modified":"2025-10-30T05:46:47","modified_gmt":"2025-10-30T05:46:47","slug":"comment-la-memoire-visuelle-influence-t-elle-nos-choix-quotidiens-2025","status":"publish","type":"post","link":"https:\/\/republica.com.do\/banco-de-proyectos\/en\/comment-la-memoire-visuelle-influence-t-elle-nos-choix-quotidiens-2025\/","title":{"rendered":"Comment la m\u00e9moire visuelle influence-t-elle nos choix quotidiens ? 2025"},"content":{"rendered":"<div style=\"margin: 20px auto; max-width: 900px; font-family: Arial, sans-serif; line-height: 1.6; color: #333;\">\n<p style=\"font-size: 1.2em;\">Notre quotidien est fa\u00e7onn\u00e9 par de nombreux facteurs souvent inconscients, parmi lesquels la m\u00e9moire visuelle occupe une place centrale. Elle agit comme un filtre invisible qui influence nos pr\u00e9f\u00e9rences, nos d\u00e9cisions et nos comportements, que ce soit lors de nos achats, dans l\u2019am\u00e9nagement de notre environnement ou dans nos interactions culturelles. En France comme ailleurs, comprendre ce ph\u00e9nom\u00e8ne permet non seulement de mieux se conna\u00eetre, mais aussi d\u2019appr\u00e9hender la mani\u00e8re dont les images fa\u00e7onnent notre soci\u00e9t\u00e9.<\/p>\n<div style=\"margin-top: 20px; font-weight: bold;\">Table des mati\u00e8res<\/div>\n<ul style=\"list-style-type: none; padding-left: 0; margin-top: 10px;\">\n<li style=\"margin-bottom: 8px;\"><a href=\"#fonctionnement\" style=\"color: #2980b9; text-decoration: none;\">La m\u00e9moire visuelle : comment fonctionne-t-elle ?<\/a><\/li>\n<li style=\"margin-bottom: 8px;\"><a href=\"#marketing\" style=\"color: #2980b9; text-decoration: none;\">La m\u00e9moire visuelle et la perception du marketing et de la publicit\u00e9<\/a><\/li>\n<li style=\"margin-bottom: 8px;\"><a href=\"#elements\" style=\"color: #2980b9; text-decoration: none;\">Les \u00e9l\u00e9ments visuels qui marquent durablement notre m\u00e9moire<\/a><\/li>\n<li style=\"margin-bottom: 8px;\"><a href=\"#urbanisme\" style=\"color: #2980b9; text-decoration: none;\">La m\u00e9moire visuelle dans la d\u00e9coration et l\u2019urbanisme : fa\u00e7onnement de nos choix quotidiens<\/a><\/li>\n<li style=\"margin-bottom: 8px;\"><a href=\"#culture\" style=\"color: #2980b9; text-decoration: none;\">La dimension culturelle dans la m\u00e9moire visuelle : sp\u00e9cificit\u00e9s fran\u00e7aises<\/a><\/li>\n<li style=\"margin-bottom: 8px;\"><a href=\"#d\u00e9cision\" style=\"color: #2980b9; text-decoration: none;\">La m\u00e9moire visuelle et la prise de d\u00e9cision : un processus souvent inconscient<\/a><\/li>\n<li style=\"margin-bottom: 8px;\"><a href=\"#strat\u00e9gies\" style=\"color: #2980b9; text-decoration: none;\">La m\u00e9moire visuelle, un outil pour les marketers et designers fran\u00e7ais<\/a><\/li>\n<li style=\"margin-bottom: 8px;\"><a href=\"#ethique\" style=\"color: #2980b9; text-decoration: none;\">Les enjeux \u00e9thiques et psychologiques li\u00e9s \u00e0 la manipulation de la m\u00e9moire visuelle<\/a><\/li>\n<li style=\"margin-bottom: 8px;\"><a href=\"#conclusion\" style=\"color: #2980b9; text-decoration: none;\">Conclusion : La m\u00e9moire visuelle, un levier puissant dans nos choix quotidiens<\/a><\/li>\n<\/ul>\n<h2 id=\"fonctionnement\" style=\"color: #2c3e50; margin-top: 40px;\">La m\u00e9moire visuelle : comment fonctionne-t-elle ?<\/h2>\n<p style=\"margin-top: 10px;\">La m\u00e9moire visuelle repose sur des m\u00e9canismes neurologiques complexes qui permettent \u00e0 notre cerveau d&#8217;enregistrer, stocker et restituer des images. Lorsqu&#8217;une image est per\u00e7ue, elle active des r\u00e9gions sp\u00e9cifiques du cortex visuel, notamment le lobe occipital. Ces signaux sont ensuite int\u00e9gr\u00e9s dans notre m\u00e9moire \u00e0 court terme, puis consolid\u00e9s dans la m\u00e9moire \u00e0 long terme si l&#8217;image est consid\u00e9r\u00e9e comme significative ou r\u00e9p\u00e9t\u00e9e.<\/p>\n<p style=\"margin-top: 10px;\">Il existe une distinction essentielle entre m\u00e9moire \u00e0 court terme, qui retient bri\u00e8vement une image ou un souvenir, et m\u00e9moire \u00e0 long terme, qui permet de conserver une multitude d&#8217;informations visuelles sur le long terme. Par exemple, un affichage publicitaire dans le m\u00e9tro parisien peut rester grav\u00e9 dans la m\u00e9moire visuelle pendant des semaines, influen\u00e7ant inconsciemment nos pr\u00e9f\u00e9rences futures.<\/p>\n<p style=\"margin-top: 10px;\">La formation des souvenirs visuels d\u00e9pend de plusieurs facteurs, tels que l&#8217;intensit\u00e9 de l&#8217;image, sa fr\u00e9quence d&#8217;apparition et sa pertinence culturelle. La r\u00e9p\u00e9tition d&#8217;images fortes, comme le logo d&#8217;une marque ou un symbole national, favorise leur m\u00e9morisation durable.<\/p>\n<h2 id=\"marketing\" style=\"color: #2c3e50; margin-top: 40px;\">La m\u00e9moire visuelle et la perception du marketing et de la publicit\u00e9<\/h2>\n<p style=\"margin-top: 10px;\">En France, comme dans le reste du monde, l\u2019utilisation strat\u00e9gique des images est devenue une pierre angulaire du marketing moderne. Les grandes marques investissent dans des campagnes visuelles percutantes pour capter l\u2019attention et renforcer la m\u00e9morisation de leur identit\u00e9.<\/p>\n<p style=\"margin-top: 10px;\">Les affiches urbaines, les emballages color\u00e9s ou encore les publicit\u00e9s t\u00e9l\u00e9vis\u00e9es exploitent la puissance de la m\u00e9moire visuelle pour influencer nos pr\u00e9f\u00e9rences. Par exemple, une campagne publicitaire pour une boisson \u00e9nergisante, comme <a href=\"https:\/\/sugarush-1000.fr\" style=\"color: #e74c3c; text-decoration: underline;\">Sugar Rush 1000<\/a>, utilise des couleurs vives, des images dynamiques et des symboles de vitalit\u00e9 pour s\u2019ancrer dans nos souvenirs et orienter nos choix d\u2019achat.<\/p>\n<p style=\"margin-top: 10px;\">Des \u00e9tudes ont montr\u00e9 que les consommateurs se rappellent davantage d\u2019images que de slogans ou de textes, ce qui explique pourquoi une image forte peut faire toute la diff\u00e9rence dans une strat\u00e9gie de communication.<\/p>\n<h2 id=\"elements\" style=\"color: #2c3e50; margin-top: 40px;\">Les \u00e9l\u00e9ments visuels qui marquent durablement notre m\u00e9moire<\/h2>\n<p style=\"margin-top: 10px;\">Plusieurs \u00e9l\u00e9ments visuels jouent un r\u00f4le cl\u00e9 dans la m\u00e9morisation : la couleur, la forme et les symboles. En France, le bleu blanc rouge \u00e9voque imm\u00e9diatement le patriotisme, tandis que le rouge vif est associ\u00e9 \u00e0 la passion et \u00e0 l\u2019\u00e9nergie.<\/p>\n<p style=\"margin-top: 10px;\">L\u2019utilisation d\u2019images fluorescentes ou n\u00e9on, notamment sous lumi\u00e8re UV, est une tendance dans la publicit\u00e9 moderne. Ces \u00e9l\u00e9ments attirent l\u2019\u0153il dans des environnements urbains satur\u00e9s d\u2019informations, comme les quartiers de Paris ou Lyon, et laissent une empreinte durable dans la m\u00e9moire visuelle des passants.<\/p>\n<p style=\"margin-top: 10px;\">Un symbole universel, tel que le papillon, incarne la transformation et la renaissance, valeurs profond\u00e9ment ancr\u00e9es dans la culture fran\u00e7aise et mondiale. La symbolique visuelle transcendante facilite la m\u00e9morisation et l\u2019affecte profond\u00e9ment nos perceptions.<\/p>\n<table style=\"width: 100%; border-collapse: collapse; margin-top: 20px;\">\n<tr>\n<th style=\"border: 1px solid #bdc3c7; padding: 8px; background-color: #ecf0f1;\">\u00c9l\u00e9ment visuel<\/th>\n<th style=\"border: 1px solid #bdc3c7; padding: 8px; background-color: #ecf0f1;\">Effet sur la m\u00e9moire<\/th>\n<\/tr>\n<tr>\n<td style=\"border: 1px solid #bdc3c7; padding: 8px;\">Couleurs vives<\/td>\n<td style=\"border: 1px solid #bdc3c7; padding: 8px;\">Renforcement de la reconnaissance et de l\u2019\u00e9motion<\/td>\n<\/tr>\n<tr>\n<td style=\"border: 1px solid #bdc3c7; padding: 8px;\">Symboles culturels<\/td>\n<td style=\"border: 1px solid #bdc3c7; padding: 8px;\">M\u00e9morisation renforc\u00e9e par la signification culturelle<\/td>\n<\/tr>\n<tr>\n<td style=\"border: 1px solid #bdc3c7; padding: 8px;\">Images fluorescentes<\/td>\n<td style=\"border: 1px solid #bdc3c7; padding: 8px;\">Impact visuel durable dans l\u2019environnement urbain<\/td>\n<\/tr>\n<\/table>\n<h2 id=\"urbanisme\" style=\"color: #2c3e50; margin-top: 40px;\">La m\u00e9moire visuelle dans la d\u00e9coration et l\u2019urbanisme : fa\u00e7onnement de nos choix quotidiens<\/h2>\n<p style=\"margin-top: 10px;\">L\u2019environnement visuel que nous rencontrons chaque jour influence subtilement nos pr\u00e9f\u00e9rences. En France, l\u2019am\u00e9nagement des lieux publics, tels que les stations de m\u00e9tro, les panneaux de signalisation ou encore la d\u00e9coration des vitrines, est con\u00e7u pour guider nos comportements sans que nous en ayons conscience.<\/p>\n<p style=\"margin-top: 10px;\">Les enseignes lumineuses, souvent \u00e0 base de n\u00e9ons ou de couleurs fluorescentes, attirent le regard et restent grav\u00e9es dans notre m\u00e9moire visuelle. Par exemple, la signal\u00e9tique claire dans le m\u00e9tro parisien facilite la navigation tout en laissant une empreinte visuelle positive, renfor\u00e7ant la fid\u00e9lit\u00e9 \u00e0 certains quartiers ou commerces.<\/p>\n<p style=\"margin-top: 10px;\">Un cas pratique illustrant cette manipulation discr\u00e8te est l\u2019utilisation de distributeurs transparents. En France, leur popularit\u00e9 croissante repose sur leur capacit\u00e9 \u00e0 augmenter la visibilit\u00e9 des produits, influen\u00e7ant ainsi nos d\u00e9cisions d\u2019achat sans effort conscient.<\/p>\n<h2 id=\"culture\" style=\"color: #2c3e50; margin-top: 40px;\">La dimension culturelle dans la m\u00e9moire visuelle : sp\u00e9cificit\u00e9s fran\u00e7aises<\/h2>\n<p style=\"margin-top: 10px;\">Les symboles et couleurs jouent un r\u00f4le essentiel dans la culture fran\u00e7aise. Le bleu, blanc, rouge, symbole national, est omnipr\u00e9sent dans la publicit\u00e9, la mode et l\u2019art, renfor\u00e7ant le sentiment d\u2019appartenance et laissant une empreinte durable dans la m\u00e9moire collective.<\/p>\n<p style=\"margin-top: 10px;\">L\u2019art fran\u00e7ais, de la Renaissance \u00e0 l\u2019impressionnisme, exploite \u00e9galement la m\u00e9moire visuelle pour transmettre des messages puissants. La mode parisienne, c\u00e9l\u00e8bre pour son \u00e9l\u00e9gance, utilise des couleurs et des formes qui restent grav\u00e9es dans la m\u00e9moire des consommateurs. La publicit\u00e9 fran\u00e7aise, quant \u00e0 elle, joue souvent sur la symbolique locale pour renforcer l\u2019impact \u00e9motionnel.<\/p>\n<p style=\"margin-top: 10px;\">Concernant la perception des couleurs fluorescentes, elles sont souvent associ\u00e9es \u00e0 la jeunesse et \u00e0 l\u2019innovation dans la culture populaire, tout en conservant une touche de nostalgie dans certains mouvements artistiques contemporains.<\/p>\n<h2 id=\"d\u00e9cision\" style=\"color: #2c3e50; margin-top: 40px;\">La m\u00e9moire visuelle et la prise de d\u00e9cision : un processus souvent inconscient<\/h2>\n<p style=\"margin-top: 10px;\">Nos choix quotidiens, qu\u2019il s\u2019agisse d\u2019aliments, de v\u00eatements ou de technologies, sont largement influenc\u00e9s par la m\u00e9moire visuelle. Des biais, comme la pr\u00e9f\u00e9rence pour des couleurs famili\u00e8res ou des images associ\u00e9es \u00e0 des exp\u00e9riences positives, orientent nos d\u00e9cisions sans que nous en soyons toujours conscients.<\/p>\n<p style=\"margin-top: 10px;\">Par exemple, face \u00e0 une \u00e9tag\u00e8re de produits, nous sommes plus susceptibles de choisir un emballage color\u00e9 ou avec un logo familier, m\u00eame si nous n\u2019avons pas conscience de cette influence. La facilit\u00e9 d\u2019acc\u00e8s \u00e0 certains souvenirs visuels, souvent renforc\u00e9s par la publicit\u00e9 ou la d\u00e9coration, guide inconsciemment nos pr\u00e9f\u00e9rences.<\/p>\n<p style=\"margin-top: 10px;\">Les \u00e9tudes montrent que cette influence est particuli\u00e8rement forte dans le domaine alimentaire, o\u00f9 les couleurs et images jouent sur nos perceptions du go\u00fbt et de la fra\u00eecheur. La mode et la technologie ne sont pas en reste, o\u00f9 la premi\u00e8re impression visuelle conditionne souvent le choix final.<\/p>\n<h2 id=\"strat\u00e9gies\" style=\"color: #2c3e50; margin-top: 40px;\">La m\u00e9moire visuelle, un outil pour les marketers et designers fran\u00e7ais<\/h2>\n<p style=\"margin-top: 10px;\">Les professionnels du marketing et du design en France exploitent ces m\u00e9canismes pour maximiser l\u2019impact de leurs cr\u00e9ations. L\u2019utilisation strat\u00e9gique de couleurs, symboles et \u00e9l\u00e9ments fluorescents permet de renforcer la m\u00e9morisation et la reconnaissance des marques.<\/p>\n<p style=\"margin-top: 10px;\">Par exemple, le choix de couleurs vives dans le packaging ou la mise en sc\u00e8ne d\u2019un produit peut augmenter sa visibilit\u00e9 en rayon, influen\u00e7ant ainsi le comportement d\u2019achat. Les innovations modernes, telles que l\u2019utilisation de produits comme Sugar Rush 1000, illustrent comment m\u00ealer design visuel et technologie pour capter l\u2019attention dans un environnement satur\u00e9 d\u2019informations.<\/p>\n<p style=\"margin-top: 10px;\">Une strat\u00e9gie efficace consiste \u00e9galement \u00e0 associer des symboles forts \u00e0 la marque, facilitant leur m\u00e9morisation dans l\u2019esprit du consommateur.<\/p>\n<h2 id=\"ethique\" style=\"color: #2c3e50; margin-top: 40px;\">Les enjeux \u00e9thiques et psychologiques li\u00e9s \u00e0 la manipulation de la m\u00e9moire visuelle<\/h2>\n<p style=\"margin-top: 10px;\">Cependant, cette capacit\u00e9 \u00e0 manipuler la m\u00e9moire visuelle soul\u00e8ve des questions \u00e9thiques importantes. La fronti\u00e8re entre influence l\u00e9gitime et manipulation insidieuse est souvent floue. En France, la responsabilit\u00e9 revient aux cr\u00e9ateurs de contenus, qui doivent respecter les principes de transparence et de respect du consommateur.<\/p>\n<p style=\"margin-top: 10px;\">Une utilisation abusive peut avoir des cons\u00e9quences \u00e0 long terme, comme la cr\u00e9ation d\u2019attentes irr\u00e9alistes ou la manipulation de perceptions, ce qui soul\u00e8ve la n\u00e9cessit\u00e9 d\u2019un cadre r\u00e9glementaire clair.<\/p>\n<p style=\"margin-top: 10px;\"><em>Il est crucial de se rappeler que si la m\u00e9moire visuelle est un outil puissant, elle doit \u00eatre utilis\u00e9e de mani\u00e8re responsable pour pr\u00e9server la confiance et l\u2019\u00e9thique dans la soci\u00e9t\u00e9.<\/em><\/p>\n<h2 id=\"conclusion\" style=\"color: #2c3e50; margin-top: 40px;\">Conclusion : La m\u00e9moire visuelle, un levier puissant dans nos choix quotidiens<\/h2>\n<p style=\"margin-top: 10px;\">En r\u00e9sum\u00e9, la m\u00e9moire visuelle influence profond\u00e9ment nos d\u00e9cisions quotidiennes \u00e0 travers des m\u00e9canismes subtils mais efficaces. Elle fa\u00e7onne notre perception du monde, guide nos pr\u00e9f\u00e9rences et constitue un levier incontournable pour les acteurs du marketing et de la d\u00e9coration.<\/p>\n<p style=\"margin-top: 10px;\">Pour mieux comprendre et ma\u00eetriser cet impact, il est essentiel d\u2019adopter une approche consciente face aux stimuli visuels que nous rencontrons constamment, notamment dans le contexte fran\u00e7ais o\u00f9 la culture, l\u2019art et l\u2019urbanisme jouent un r\u00f4le cl\u00e9.<\/p>\n<p style=\"margin-top: 10px;\">Ainsi, en \u00e9tant plus attentifs \u00e0 la mani\u00e8re dont nos environnements visuels nous influencent, nous pouvons faire des choix plus \u00e9clair\u00e9s et pr\u00e9server notre libert\u00e9 de d\u00e9cision dans une soci\u00e9t\u00e9 satur\u00e9e d\u2019images.<\/p>\n<\/div>","protected":false},"excerpt":{"rendered":"<p>Notre quotidien est fa\u00e7onn\u00e9 par de nombreux facteurs souvent inconscients, parmi lesquels la m\u00e9moire visuelle occupe une place centrale. Elle agit comme un filtre invisible qui influence nos pr\u00e9f\u00e9rences, nos d\u00e9cisions et nos comportements, que ce soit lors de nos achats, dans l\u2019am\u00e9nagement de notre environnement ou dans nos interactions culturelles. En France comme ailleurs, [&hellip;]<\/p>\n","protected":false},"author":8,"featured_media":0,"comment_status":"closed","ping_status":"","sticky":false,"template":"","format":"standard","meta":{"_acf_changed":false,"nf_dc_page":"","site-sidebar-layout":"default","site-content-layout":"","ast-site-content-layout":"default","site-content-style":"default","site-sidebar-style":"default","ast-global-header-display":"","ast-banner-title-visibility":"","ast-main-header-display":"","ast-hfb-above-header-display":"","ast-hfb-below-header-display":"","ast-hfb-mobile-header-display":"","site-post-title":"","ast-breadcrumbs-content":"","ast-featured-img":"","footer-sml-layout":"","ast-disable-related-posts":"","theme-transparent-header-meta":"","adv-header-id-meta":"","stick-header-meta":"","header-above-stick-meta":"","header-main-stick-meta":"","header-below-stick-meta":"","astra-migrate-meta-layouts":"default","ast-page-background-enabled":"default","ast-page-background-meta":{"desktop":{"background-color":"var(--ast-global-color-4)","background-image":"","background-repeat":"repeat","background-position":"center center","background-size":"auto","background-attachment":"scroll","background-type":"","background-media":"","overlay-type":"","overlay-color":"","overlay-opacity":"","overlay-gradient":""},"tablet":{"background-color":"","background-image":"","background-repeat":"repeat","background-position":"center center","background-size":"auto","background-attachment":"scroll","background-type":"","background-media":"","overlay-type":"","overlay-color":"","overlay-opacity":"","overlay-gradient":""},"mobile":{"background-color":"","background-image":"","background-repeat":"repeat","background-position":"center center","background-size":"auto","background-attachment":"scroll","background-type":"","background-media":"","overlay-type":"","overlay-color":"","overlay-opacity":"","overlay-gradient":""}},"ast-content-background-meta":{"desktop":{"background-color":"var(--ast-global-color-5)","background-image":"","background-repeat":"repeat","background-position":"center center","background-size":"auto","background-attachment":"scroll","background-type":"","background-media":"","overlay-type":"","overlay-color":"","overlay-opacity":"","overlay-gradient":""},"tablet":{"background-color":"var(--ast-global-color-5)","background-image":"","background-repeat":"repeat","background-position":"center center","background-size":"auto","background-attachment":"scroll","background-type":"","background-media":"","overlay-type":"","overlay-color":"","overlay-opacity":"","overlay-gradient":""},"mobile":{"background-color":"var(--ast-global-color-5)","background-image":"","background-repeat":"repeat","background-position":"center center","background-size":"auto","background-attachment":"scroll","background-type":"","background-media":"","overlay-type":"","overlay-color":"","overlay-opacity":"","overlay-gradient":""}},"footnotes":""},"categories":[10],"tags":[],"class_list":["post-8908","post","type-post","status-publish","format-standard","hentry","category-sin-categoria-es"],"acf":[],"_links":{"self":[{"href":"https:\/\/republica.com.do\/banco-de-proyectos\/en\/wp-json\/wp\/v2\/posts\/8908","targetHints":{"allow":["GET"]}}],"collection":[{"href":"https:\/\/republica.com.do\/banco-de-proyectos\/en\/wp-json\/wp\/v2\/posts"}],"about":[{"href":"https:\/\/republica.com.do\/banco-de-proyectos\/en\/wp-json\/wp\/v2\/types\/post"}],"author":[{"embeddable":true,"href":"https:\/\/republica.com.do\/banco-de-proyectos\/en\/wp-json\/wp\/v2\/users\/8"}],"replies":[{"embeddable":true,"href":"https:\/\/republica.com.do\/banco-de-proyectos\/en\/wp-json\/wp\/v2\/comments?post=8908"}],"version-history":[{"count":1,"href":"https:\/\/republica.com.do\/banco-de-proyectos\/en\/wp-json\/wp\/v2\/posts\/8908\/revisions"}],"predecessor-version":[{"id":8909,"href":"https:\/\/republica.com.do\/banco-de-proyectos\/en\/wp-json\/wp\/v2\/posts\/8908\/revisions\/8909"}],"wp:attachment":[{"href":"https:\/\/republica.com.do\/banco-de-proyectos\/en\/wp-json\/wp\/v2\/media?parent=8908"}],"wp:term":[{"taxonomy":"category","embeddable":true,"href":"https:\/\/republica.com.do\/banco-de-proyectos\/en\/wp-json\/wp\/v2\/categories?post=8908"},{"taxonomy":"post_tag","embeddable":true,"href":"https:\/\/republica.com.do\/banco-de-proyectos\/en\/wp-json\/wp\/v2\/tags?post=8908"}],"curies":[{"name":"wp","href":"https:\/\/api.w.org\/{rel}","templated":true}]}}