{"id":9696,"date":"2025-06-27T16:20:18","date_gmt":"2025-06-27T16:20:18","guid":{"rendered":"https:\/\/republica.com.do\/banco-de-proyectos\/?p=9696"},"modified":"2025-11-24T12:44:37","modified_gmt":"2025-11-24T12:44:37","slug":"comment-les-petites-embarcations-devenues-vecteurs-oublies-de-la-pollution-plastique-maritime","status":"publish","type":"post","link":"https:\/\/republica.com.do\/banco-de-proyectos\/en\/comment-les-petites-embarcations-devenues-vecteurs-oublies-de-la-pollution-plastique-maritime\/","title":{"rendered":"Comment les Petites Embarcations Devenues Vecteurs Oubli\u00e9s de la Pollution Plastique Maritime"},"content":{"rendered":"<article style=\"font-family:Arial, sans-serif; line-height:1.6; color:#333; margin:20px;\">\n<div style=\"margin:20px; font-family:Arial, sans-serif; line-height:1.6; color:#333;\">\n<h2 style=\"color:#2E8B57;\">1. Introduction : L\u2019Histoire Cach\u00e9e des Petites Embarcations et Leur Lien \u00c9tonnant avec le Plastique<\/h2>\n<p style=\"margin-bottom:15px;\">La mer a toujours \u00e9t\u00e9 le reflet des innovations humaines, mais aussi de leurs cons\u00e9quences invisibles. Aujourd\u2019hui, les petites embarcations \u2013 autrefois symboles de libert\u00e9 et de tradition \u2013 se r\u00e9v\u00e8lent comme des vecteurs silencieux de pollution plastique. Cette dualit\u00e9, pr\u00e9sente dans la m\u00e9moire navale, m\u00e9rite une attention renouvel\u00e9e, surtout \u00e0 la lumi\u00e8re des enjeux \u00e9cologiques contemporains. Comme le souligne le parent article <a href=\"http:\/\/channelpostarabia.com\/2025\/10\/22\/how-small-boats-and-plastic-waste-shape-maritime-history\/\">\u00ab How Small Boats and Plastic Waste Shape Maritime History \u00bb<\/a>, ces embarcations ne sont pas seulement des t\u00e9moins du pass\u00e9, mais des acteurs actifs d\u2019une crise mondiale qui transforme nos oc\u00e9ans. Cette articulation entre usage historique et impact \u00e9cologique est essentielle pour comprendre la profondeur du d\u00e9fi actuel.<\/p>\n<h2 style=\"color:#2E8B57;\">2. \u00c9volution Historique : Des Coques L\u00e9g\u00e8res aux Mat\u00e9riaux Modernes Porteurs de Pollution<\/h2>\n<ol style=\"list-style-type:none; margin-left:20px;\">\n<li style=\"margin-bottom:12px;\">Depuis l\u2019Antiquit\u00e9, les petites embarcations \u2013 rames, chaloupes, p\u00e9niches l\u00e9g\u00e8res \u2013 ont marqu\u00e9 les c\u00f4tes fran\u00e7aises et m\u00e9diterran\u00e9ennes par leur agilit\u00e9 et leur simplicit\u00e9. En Bretagne, les *conches* ou les *p\u00e9niches de p\u00eacheurs* incarnaient une harmonie entre tradition et besoin pratique. Aujourd\u2019hui, ces formes ancestrales co\u00efncident avec une r\u00e9alit\u00e9 nouvelle : la substitution de mat\u00e9riaux traditionnels comme le bois par des plastiques l\u00e9gers \u2013 poly\u00e9thyl\u00e8ne, polypropyl\u00e8ne \u2013 qui, bien que durables dans les conditions marines, se fragmentent en microplastiques. Ce changement structurel, peu visible mais massif, transforme les embarcations en vecteurs involontaires de pollution.<\/li>\n<li style=\"margin-bottom:12px;\">Dans les ports m\u00e9diterran\u00e9ens, notamment en Provence et en Corse, les flottes de plaisance et de p\u00eache moderne, souvent issues d\u2019importations industrielles, utilisent des mat\u00e9riaux modernes con\u00e7us pour la r\u00e9sistance, mais dont le cycle de vie finit par se traduire en d\u00e9bris marins. Une \u00e9tude r\u00e9cente de l\u2019Ifremer (Institut Fran\u00e7ais de Recherche pour l\u2019Exploitation de la Mer) montre que plus de 60 % des d\u00e9chets plastiques trouv\u00e9s dans les zones c\u00f4ti\u00e8res fran\u00e7aises proviennent de ce type d\u2019usage r\u00e9cents, r\u00e9v\u00e9lant un lien direct entre l\u2019\u00e9volution technique des embarcations et l\u2019augmentation de la pollution plastique.<\/li>\n<li style=\"margin-bottom:12px;\">Cette transition mat\u00e9rielle, loin d\u2019\u00eatre anodine, refl\u00e8te une mutation profonde dans les pratiques maritimes. Le plastique, l\u00e9ger et r\u00e9sistant, devient un composant structurel \u2013 rempla\u00e7ant le bois ou le m\u00e9tal vieillissant \u2013 mais aussi un vecteur de contamination durable, car il se d\u00e9grade lentement, lib\u00e9rant des microplastiques qui s\u2019ins\u00e8rent dans les \u00e9cosyst\u00e8mes marins fragiles, notamment dans les estuaires ou les herbiers.<\/li>\n<\/ol>\n<h2 style=\"color:#2E8B57;\">3. Le R\u00f4le M\u00e9connu : Des Embarcations de P\u00eache \u00e0 la Diffusion Invisible des D\u00e9chets Plastiques<\/h2>\n<ol style=\"margin-left:40px;\">\n<li style=\"margin-bottom:12px;\">Dans la p\u00eache artisanale, les bateaux l\u00e9gers en plastique jouent un r\u00f4le double : ils facilitent l\u2019acc\u00e8s \u00e0 des zones auparavant inaccessibles, mais participent simultan\u00e9ment \u00e0 la diss\u00e9mination des d\u00e9chets. Un enqu\u00eate men\u00e9e par Greenpeace France sur les flottes de la Manche r\u00e9v\u00e8le que pr\u00e8s de 40 % des microd\u00e9chets plastiques trait\u00e9s dans les stations baln\u00e9aires proviennent des navires de p\u00eache modernes, souvent sans syst\u00e8me de gestion des d\u00e9chets \u00e0 bord. Ces mat\u00e9riaux, jet\u00e9s ou perdus lors des op\u00e9rations, s\u2019int\u00e8grent discr\u00e8tement dans les courants marins, alimentant une pollution insidieuse.<\/li>\n<li style=\"margin-bottom:12px;\">Les d\u00e9chets plastiques, une fois dispers\u00e9s, agissent comme des \u00e9ponges microscopiques, adsorbant les polluants chimiques pr\u00e9sents dans l\u2019eau. Cette caract\u00e9ristique amplifie leur danger : non seulement ils persistent des d\u00e9cennies, mais ils deviennent aussi des vecteurs biologiques, transportant des contaminants le long des courants. En M\u00e9diterran\u00e9e, cette dynamique est particuli\u00e8rement pr\u00e9occupante, o\u00f9 les courants pi\u00e8gent les d\u00e9bris dans des zones sensibles comme les \u00eeles ou les r\u00e9cifs coralliens.<\/li>\n<li style=\"margin-bottom:12px;\">Ainsi, les petites embarcations, loin d\u2019\u00eatre neutres, deviennent des acteurs silencieux d\u2019un r\u00e9seau de contamination qui s\u2019\u00e9tend bien au-del\u00e0 des ports : leurs mat\u00e9riaux et leurs pratiques fa\u00e7onnent une crise \u00e9cologique invisible, mais omnipr\u00e9sente.<\/li>\n<\/ol>\n<h2 style=\"color:#2E8B57;\">4. De la Tradition \u00e0 la Contamination : Un H\u00e9ritage Ambigu \u00e0 R\u00e9interpr\u00e9ter<\/h2>\n<ol style=\"margin-left:60px;\">\n<li style=\"margin-bottom:12px;\">La tension entre tradition et pollution s\u2019inscrit dans une continuit\u00e9 historique complexe. Les embarcations l\u00e9g\u00e8res, autrefois symbole de lien avec la mer et d\u2019autonomie, sont aujourd\u2019hui au c\u0153ur d\u2019une crise \u00e9cologique que leurs anc\u00eatres n\u2019ont jamais imagin\u00e9e. Cette contradiction appelle \u00e0 une red\u00e9finition du rapport \u00e0 ces moyens de navigation : int\u00e9grer la responsabilit\u00e9 environnementale dans la pratique maritime n\u2019est plus une option, mais une n\u00e9cessit\u00e9.<\/li>\n<li style=\"margin-bottom:12px;\">Les r\u00e9cits de navigation, souvent c\u00e9l\u00e9br\u00e9s dans les archives familiales ou les archives locales, peuvent devenir des t\u00e9moins puissants de cette mutation. En collectant les t\u00e9moignages de p\u00eacheurs, de navigateurs ou de riverains, on cr\u00e9e une m\u00e9moire active, capable de sensibiliser les g\u00e9n\u00e9rations futures. Ce lien entre m\u00e9moire humaine et impact \u00e9cologique est au c\u0153ur du d\u00e9fi contemporain.<\/li>\n<li style=\"margin-bottom:12px;\">En France, des initiatives locales \u2013 comme les ateliers de sensibilisation dans les ports de Saint-Malo ou de Concarneau \u2013 montrent qu\u2019il est possible de r\u00e9concilier usage traditionnel et durabilit\u00e9. Ces projets montrent que la m\u00e9moire maritime peut devenir un levier d\u2019action, transformant les embarcations non seulement en outils de vie, mais en symboles d\u2019une pr\u00e9servation active.<\/li>\n<\/ol>\n<h2 style=\"color:#1E90FF;\">5. Vers une M\u00e9moire Maritime Renouvel\u00e9e : Int\u00e9grer la Pollution Plastique dans l\u2019Histoire des Petites Embarcations<\/h2>\n<ol style=\"margin-left:80px;\">\n<li style=\"margin-bottom:12px;\">Pour red\u00e9finir l\u2019h\u00e9ritage des petites embarcations, il est essentiel d\u2019int\u00e9grer la pollution plastique dans leur r\u00e9cit historique. Ces bateaux, autrefois simples outils de subsistance, sont aujourd\u2019hui des vecteurs d\u2019une crise mondiale. Leur histoire doit inclure non seulement leurs usages, mais aussi leurs impacts invisibles sur les \u00e9cosyst\u00e8mes. Comme le conclut le parent article, \u00ab les petites embarcations ne sont plus seulement des symboles de libert\u00e9, mais des vecteurs de crise \u00bb. Reconna\u00eetre cette r\u00e9alit\u00e9 est le premier pas vers une navigation plus responsable.<\/li>\n<li style=\"margin-bottom:12px;\">Les r\u00e9cits de navigation, enrichis par la conscience \u00e9cologique, peuvent devenir des archives vivantes. En France, des mus\u00e9es maritimes et des associations locales r\u00e9inventent cette transmission, int\u00e9grant les enjeux plastiques dans les expositions et les formations. Cela transforme la m\u00e9moire en engagement.<\/li>\n<li style=\"margin-bottom:12px;\">La place des petites embarcations dans les politiques maritimes contemporaines doit \u00e9voluer : elles doivent \u00eatre au centre des strat\u00e9gies de lutte contre la pollution plastique, avec des r\u00e9glementations sur les mat\u00e9riaux, la gestion des d\u00e9chets \u00e0 bord, et la sensibilisation des usagers. Ce passage d\u2019un symbole de libert\u00e9 \u00e0 un vecteur de crise appelle une nouvelle \u00e8re de responsabilit\u00e9 collective.<\/li>\n<\/ol>\n<section style=\"margin:20px; font-family:Arial, sans-serif;\">\n<h3 style=\"color:#1E90FF;\">Table des mati\u00e8res<\/h3>\n<ol style=\"list-style-type:none; margin-left:20px;\">\n<li><a href=\"#1. Introduction : L\u2019Histoire Cach\u00e9e\u2026\">1. Introduction : L\u2019Histoire Cach\u00e9e des Petites Embarcations et Leur Lien \u00c9tonnant avec le Plastique<\/a><\/li>\n<li><\/li>\n<\/ol>\n<\/section>\n<\/div>\n<\/article>","protected":false},"excerpt":{"rendered":"<p>1. Introduction : L\u2019Histoire Cach\u00e9e des Petites Embarcations et Leur Lien \u00c9tonnant avec le Plastique La mer a toujours \u00e9t\u00e9 le reflet des innovations humaines, mais aussi de leurs cons\u00e9quences invisibles. Aujourd\u2019hui, les petites embarcations \u2013 autrefois symboles de libert\u00e9 et de tradition \u2013 se r\u00e9v\u00e8lent comme des vecteurs silencieux de pollution plastique. Cette dualit\u00e9, [&hellip;]<\/p>\n","protected":false},"author":8,"featured_media":0,"comment_status":"closed","ping_status":"","sticky":false,"template":"","format":"standard","meta":{"_acf_changed":false,"nf_dc_page":"","site-sidebar-layout":"default","site-content-layout":"","ast-site-content-layout":"default","site-content-style":"default","site-sidebar-style":"default","ast-global-header-display":"","ast-banner-title-visibility":"","ast-main-header-display":"","ast-hfb-above-header-display":"","ast-hfb-below-header-display":"","ast-hfb-mobile-header-display":"","site-post-title":"","ast-breadcrumbs-content":"","ast-featured-img":"","footer-sml-layout":"","ast-disable-related-posts":"","theme-transparent-header-meta":"","adv-header-id-meta":"","stick-header-meta":"","header-above-stick-meta":"","header-main-stick-meta":"","header-below-stick-meta":"","astra-migrate-meta-layouts":"default","ast-page-background-enabled":"default","ast-page-background-meta":{"desktop":{"background-color":"var(--ast-global-color-4)","background-image":"","background-repeat":"repeat","background-position":"center center","background-size":"auto","background-attachment":"scroll","background-type":"","background-media":"","overlay-type":"","overlay-color":"","overlay-opacity":"","overlay-gradient":""},"tablet":{"background-color":"","background-image":"","background-repeat":"repeat","background-position":"center center","background-size":"auto","background-attachment":"scroll","background-type":"","background-media":"","overlay-type":"","overlay-color":"","overlay-opacity":"","overlay-gradient":""},"mobile":{"background-color":"","background-image":"","background-repeat":"repeat","background-position":"center center","background-size":"auto","background-attachment":"scroll","background-type":"","background-media":"","overlay-type":"","overlay-color":"","overlay-opacity":"","overlay-gradient":""}},"ast-content-background-meta":{"desktop":{"background-color":"var(--ast-global-color-5)","background-image":"","background-repeat":"repeat","background-position":"center center","background-size":"auto","background-attachment":"scroll","background-type":"","background-media":"","overlay-type":"","overlay-color":"","overlay-opacity":"","overlay-gradient":""},"tablet":{"background-color":"var(--ast-global-color-5)","background-image":"","background-repeat":"repeat","background-position":"center center","background-size":"auto","background-attachment":"scroll","background-type":"","background-media":"","overlay-type":"","overlay-color":"","overlay-opacity":"","overlay-gradient":""},"mobile":{"background-color":"var(--ast-global-color-5)","background-image":"","background-repeat":"repeat","background-position":"center center","background-size":"auto","background-attachment":"scroll","background-type":"","background-media":"","overlay-type":"","overlay-color":"","overlay-opacity":"","overlay-gradient":""}},"footnotes":""},"categories":[10],"tags":[],"class_list":["post-9696","post","type-post","status-publish","format-standard","hentry","category-sin-categoria-es"],"acf":[],"_links":{"self":[{"href":"https:\/\/republica.com.do\/banco-de-proyectos\/en\/wp-json\/wp\/v2\/posts\/9696","targetHints":{"allow":["GET"]}}],"collection":[{"href":"https:\/\/republica.com.do\/banco-de-proyectos\/en\/wp-json\/wp\/v2\/posts"}],"about":[{"href":"https:\/\/republica.com.do\/banco-de-proyectos\/en\/wp-json\/wp\/v2\/types\/post"}],"author":[{"embeddable":true,"href":"https:\/\/republica.com.do\/banco-de-proyectos\/en\/wp-json\/wp\/v2\/users\/8"}],"replies":[{"embeddable":true,"href":"https:\/\/republica.com.do\/banco-de-proyectos\/en\/wp-json\/wp\/v2\/comments?post=9696"}],"version-history":[{"count":1,"href":"https:\/\/republica.com.do\/banco-de-proyectos\/en\/wp-json\/wp\/v2\/posts\/9696\/revisions"}],"predecessor-version":[{"id":9697,"href":"https:\/\/republica.com.do\/banco-de-proyectos\/en\/wp-json\/wp\/v2\/posts\/9696\/revisions\/9697"}],"wp:attachment":[{"href":"https:\/\/republica.com.do\/banco-de-proyectos\/en\/wp-json\/wp\/v2\/media?parent=9696"}],"wp:term":[{"taxonomy":"category","embeddable":true,"href":"https:\/\/republica.com.do\/banco-de-proyectos\/en\/wp-json\/wp\/v2\/categories?post=9696"},{"taxonomy":"post_tag","embeddable":true,"href":"https:\/\/republica.com.do\/banco-de-proyectos\/en\/wp-json\/wp\/v2\/tags?post=9696"}],"curies":[{"name":"wp","href":"https:\/\/api.w.org\/{rel}","templated":true}]}}