{"id":9688,"date":"2025-04-07T09:22:48","date_gmt":"2025-04-07T09:22:48","guid":{"rendered":"https:\/\/republica.com.do\/banco-de-proyectos\/?p=9688"},"modified":"2025-11-24T12:44:09","modified_gmt":"2025-11-24T12:44:09","slug":"comment-la-vitesse-de-la-pensee-influence-nos-choix-et-nos-souvenirs","status":"publish","type":"post","link":"https:\/\/republica.com.do\/banco-de-proyectos\/comment-la-vitesse-de-la-pensee-influence-nos-choix-et-nos-souvenirs\/","title":{"rendered":"Comment la vitesse de la pens\u00e9e influence nos choix et nos souvenirs"},"content":{"rendered":"<div style=\"margin: 20px; font-family: Arial, sans-serif; line-height: 1.6; font-size: 1.1em; color: #34495e;\">\n<h2 style=\"color: #2980b9; border-bottom: 2px solid #2980b9; padding-bottom: 8px;\">Introduction : La vitesse de la pens\u00e9e, un concept cl\u00e9 pour comprendre nos choix et souvenirs<\/h2>\n<p style=\"margin-top: 10px;\">Dans notre vie quotidienne, la rapidit\u00e9 avec laquelle notre esprit op\u00e8re joue un r\u00f4le souvent sous-estim\u00e9. La vitesse de la pens\u00e9e n\u2019est pas simplement une question de rapidit\u00e9 mentale, mais un facteur d\u00e9terminant dans nos d\u00e9cisions, nos r\u00e9actions, et m\u00eame dans la fa\u00e7on dont nous construisons notre m\u00e9moire. Elle influence la qualit\u00e9 de nos choix, leur impulsivit\u00e9 ou leur maturit\u00e9, ainsi que la fa\u00e7on dont nous nous rappelons certains \u00e9v\u00e9nements ou exp\u00e9riences.<\/p>\n<p style=\"margin-top: 10px;\">Comprendre cette dynamique permet d\u2019\u00e9clairer nos comportements, notamment dans un contexte fran\u00e7ais o\u00f9 la culture, la tradition et la soci\u00e9t\u00e9 fa\u00e7onnent aussi notre rapport au temps et \u00e0 la r\u00e9flexion. L\u2019objectif de cet article est d\u2019explorer comment la vitesse de la pens\u00e9e agit sur nos comportements et perceptions, en s\u2019appuyant sur des exemples concrets et des recherches r\u00e9centes.<\/p>\n<div style=\"margin-top: 20px; padding: 10px; background-color: #f0f8ff; border-radius: 8px;\">\n<h3 style=\"color: #16a085;\">Table des mati\u00e8res<\/h3>\n<ul style=\"list-style-type: disc; padding-left: 20px; margin-top: 10px;\">\n<li><a href=\"#definition\" style=\"text-decoration: none; color: #2980b9;\">La vitesse de la pens\u00e9e : Qu&#8217;est-ce que c&#8217;est et comment la mesurer ?<\/a><\/li>\n<li><a href=\"#decision\" style=\"text-decoration: none; color: #2980b9;\">La vitesse de la pens\u00e9e et la prise de d\u00e9cision : m\u00e9canismes et influences<\/a><\/li>\n<li><a href=\"#memoire\" style=\"text-decoration: none; color: #2980b9;\">La vitesse de la pens\u00e9e et la m\u00e9moire : processus et cons\u00e9quences<\/a><\/li>\n<li><a href=\"#soci\u00e9t\u00e9\" style=\"text-decoration: none; color: #2980b9;\">La vitesse de la pens\u00e9e dans la soci\u00e9t\u00e9 moderne : d\u00e9fis et opportunit\u00e9s<\/a><\/li>\n<li><a href=\"#metaphores\" style=\"text-decoration: none; color: #2980b9;\">Cas d\u2019\u00e9tude : Les m\u00e9taphores fran\u00e7aises de la vitesse mentale et leur influence culturelle<\/a><\/li>\n<li><a href=\"#culture\" style=\"text-decoration: none; color: #2980b9;\">La vitesse de la pens\u00e9e, la culture et la perception du temps en France<\/a><\/li>\n<li><a href=\"#manipulation\" style=\"text-decoration: none; color: #2980b9;\">La vitesse de la pens\u00e9e et la manipulation : enjeux \u00e9thiques et soci\u00e9taux<\/a><\/li>\n<li><a href=\"#metaphore\" style=\"text-decoration: none; color: #2980b9;\">Approfondissement : La viscosit\u00e9 du caramel, une m\u00e9taphore pour la vitesse de la pens\u00e9e<\/a><\/li>\n<li><a href=\"#fiabilite\" style=\"text-decoration: none; color: #2980b9;\">La r\u00e9alit\u00e9 atomique et la perception de la fiabilit\u00e9 de nos pens\u00e9es<\/a><\/li>\n<li><a href=\"#conclusion\" style=\"text-decoration: none; color: #2980b9;\">Conclusion : Vers une compr\u00e9hension \u00e9quilibr\u00e9e de la vitesse de la pens\u00e9e<\/a><\/li>\n<\/ul>\n<\/div>\n<h2 id=\"definition\" style=\"color: #2980b9; border-bottom: 2px solid #2980b9; padding-bottom: 8px; margin-top: 40px;\">La vitesse de la pens\u00e9e : Qu&#8217;est-ce que c&#8217;est et comment la mesurer ?<\/h2>\n<p style=\"margin-top: 10px;\">Scientifiquement, la vitesse de la pens\u00e9e se r\u00e9f\u00e8re \u00e0 la rapidit\u00e9 avec laquelle un individu peut traiter, analyser, et r\u00e9pondre \u00e0 une information. Sur le plan cognitif, cette rapidit\u00e9 d\u00e9pend de multiples facteurs, notamment la vitesse de transmission neuronale, la complexit\u00e9 de l\u2019information, et la familiarit\u00e9 avec le contenu trait\u00e9.<\/p>\n<p style=\"margin-top: 10px;\">En France, plusieurs outils permettent d\u2019\u00e9valuer cette rapidit\u00e9. Par exemple, les tests de r\u00e9action simple ou choice reaction time (CRT) sont couramment utilis\u00e9s dans les laboratoires de psychologie pour mesurer le temps de r\u00e9ponse face \u00e0 un stimulus. Par ailleurs, les technologies modernes telles que l\u2019EEG ou la fMRI offrent une analyse pr\u00e9cise de l\u2019activit\u00e9 c\u00e9r\u00e9brale en lien avec la rapidit\u00e9 de traitement mental.<\/p>\n<p style=\"margin-top: 10px;\">Plusieurs facteurs influencent cette vitesse :<\/p>\n<ul style=\"margin-top: 10px; padding-left: 20px;\">\n<li><strong>Biologiques :<\/strong> La vitesse de conduction nerveuse varie selon la my\u00e9linisation des neurones, qui peut \u00eatre renforc\u00e9e par des activit\u00e9s intellectuelles ou sportives.<\/li>\n<li><strong>Culturels :<\/strong> Une soci\u00e9t\u00e9 valorisant la r\u00e9flexion rapide, comme la soci\u00e9t\u00e9 fran\u00e7aise contemporaine, favorise souvent la prise de d\u00e9cision instantan\u00e9e.<\/li>\n<li><strong>Technologiques :<\/strong> L\u2019usage intensif des outils num\u00e9riques acc\u00e9l\u00e8re notre capacit\u00e9 \u00e0 traiter de grandes quantit\u00e9s d\u2019informations rapidement.<\/li>\n<\/ul>\n<h2 id=\"decision\" style=\"color: #2980b9; border-bottom: 2px solid #2980b9; padding-bottom: 8px; margin-top: 40px;\">La vitesse de la pens\u00e9e et la prise de d\u00e9cision : m\u00e9canismes et influences<\/h2>\n<p style=\"margin-top: 10px;\">Une pens\u00e9e rapide peut conduire \u00e0 des choix impulsifs, mais aussi \u00e0 des d\u00e9cisions \u00e9clair\u00e9es si elle est bien ma\u00eetris\u00e9e. En France, cette rapidit\u00e9 mentale est souvent sollicit\u00e9e dans des contextes o\u00f9 la r\u00e9activit\u00e9 est essentielle, comme dans la gestion des crises ou la prise de d\u00e9cision en entreprise. La culture fran\u00e7aise, avec ses traditions de d\u00e9bat et de r\u00e9flexion critique, incite toutefois \u00e0 \u00e9quilibrer vitesse et prudence.<\/p>\n<p style=\"margin-top: 10px;\">L\u2019exemple du jeu \u00ab Sweet Rush Bonanza \u00bb illustre bien cette dynamique. Dans ce jeu en ligne, la rapidit\u00e9 \u00e0 analyser les symboles et \u00e0 faire un choix strat\u00e9gique influence directement la r\u00e9ussite. Plus le joueur agit vite, plus il peut maximiser ses gains, mais cela comporte aussi un risque accru de d\u00e9cisions h\u00e2tives. Cet exemple montre comment la vitesse de la pens\u00e9e peut influencer la strat\u00e9gie, la patience, et le comportement global du joueur.<\/p>\n<p style=\"margin-top: 10px;\">En psychologie, ce ph\u00e9nom\u00e8ne est expliqu\u00e9 par le mod\u00e8le dual du traitement de l\u2019information : le syst\u00e8me rapide et intuitif (syst\u00e8me 1) peut conduire \u00e0 des jugements pr\u00e9cipit\u00e9s, alors que le syst\u00e8me lent et r\u00e9fl\u00e9chi (syst\u00e8me 2) permet une analyse approfondie. La ma\u00eetrise de ces deux modes est essentielle pour une prise de d\u00e9cision \u00e9quilibr\u00e9e.<\/p>\n<h2 id=\"memoire\" style=\"color: #2980b9; border-bottom: 2px solid #2980b9; padding-bottom: 8px; margin-top: 40px;\">La vitesse de la pens\u00e9e et la m\u00e9moire : processus et cons\u00e9quences<\/h2>\n<p style=\"margin-top: 10px;\">La rapidit\u00e9 mentale influence aussi la formation et la r\u00e9cup\u00e9ration des souvenirs. Une pens\u00e9e rapide peut favoriser l\u2019association spontan\u00e9e d\u2019id\u00e9es, renfor\u00e7ant la m\u00e9moire instantan\u00e9e ou \u00e9pisodique. Cependant, un traitement trop h\u00e2tif peut aussi entra\u00eener une m\u00e9moire superficielle ou biais\u00e9e.<\/p>\n<p style=\"margin-top: 10px;\">La m\u00e9moire spontan\u00e9e, souvent li\u00e9e \u00e0 des souvenirs vifs et spontan\u00e9s, contraste avec la m\u00e9moire r\u00e9fl\u00e9chie, qui n\u00e9cessite un effort conscient et une r\u00e9flexion approfondie. L\u2019\u00e9quilibre entre ces deux modes est crucial pour pr\u00e9server une m\u00e9moire fiable et \u00e9vitant les distorsions.<\/p>\n<p style=\"margin-top: 10px;\">En France, la culture valorise souvent la m\u00e9moire collective \u00e0 travers la litt\u00e9rature, la philosophie et l\u2019histoire, qui insistent sur la n\u00e9cessit\u00e9 de r\u00e9fl\u00e9chir profond\u00e9ment pour comprendre le pass\u00e9. Par exemple, la r\u00e9flexion sur la R\u00e9volution fran\u00e7aise ou la R\u00e9sistance t\u00e9moigne de cette dynamique entre rapidit\u00e9 d\u2019\u00e9vocation et profondeur de m\u00e9moire.<\/p>\n<h2 id=\"soci\u00e9t\u00e9\" style=\"color: #2980b9; border-bottom: 2px solid #2980b9; padding-bottom: 8px; margin-top: 40px;\">La vitesse de la pens\u00e9e dans la soci\u00e9t\u00e9 moderne : d\u00e9fis et opportunit\u00e9s<\/h2>\n<p style=\"margin-top: 10px;\">L\u2019\u00e8re de l\u2019information a profond\u00e9ment acc\u00e9l\u00e9r\u00e9 notre mode de pens\u00e9e. La soci\u00e9t\u00e9 fran\u00e7aise, comme beaucoup d\u2019autres, doit faire face aux avantages d\u2019un acc\u00e8s instantan\u00e9 \u00e0 l\u2019information, mais aussi aux risques de surcharge cognitive, de stress et d\u2019erreurs.<\/p>\n<p style=\"margin-top: 10px;\">Les algorithmes et l\u2019intelligence artificielle jouent \u00e9galement un r\u00f4le majeur en modifiant la perception de la r\u00e9alit\u00e9. La rapidit\u00e9 de traitement de ces technologies influence la mani\u00e8re dont nous percevons le monde, parfois au d\u00e9triment d\u2019une r\u00e9flexion approfondie. Par exemple, la consommation instantan\u00e9e de contenus sur les r\u00e9seaux sociaux peut renforcer des id\u00e9es pr\u00e9con\u00e7ues ou des biais cognitifs.<\/p>\n<p style=\"margin-top: 10px;\">Ce contexte pose la question de l\u2019\u00e9quilibre : comment penser vite sans perdre en pr\u00e9cision ou en r\u00e9flexion critique ? La ma\u00eetrise de cette vitesse devient un enjeu crucial pour la soci\u00e9t\u00e9 fran\u00e7aise, soucieuse de pr\u00e9server ses valeurs de libert\u00e9 et de r\u00e9flexion critique.<\/p>\n<h2 id=\"metaphores\" style=\"color: #2980b9; border-bottom: 2px solid #2980b9; padding-bottom: 8px; margin-top: 40px;\">Cas d\u2019\u00e9tude : Les m\u00e9taphores fran\u00e7aises de la vitesse mentale et leur influence culturelle<\/h2>\n<p style=\"margin-top: 10px;\">Les expressions idiomatiques fran\u00e7aises illustrent souvent cette perception de la vitesse du mental. Par exemple, l\u2019expression \u00ab avoir la t\u00eate vite faite \u00bb refl\u00e8te une id\u00e9e de rapidit\u00e9 \u00e0 prendre une d\u00e9cision ou \u00e0 r\u00e9fl\u00e9chir. Ces m\u00e9taphores influencent la mani\u00e8re dont les Fran\u00e7ais per\u00e7oivent leur propre processus mental, valorisant parfois la rapidit\u00e9 comme signe d\u2019intelligence ou d\u2019efficacit\u00e9.<\/p>\n<p style=\"margin-top: 10px;\">Comparons avec d\u2019autres cultures : en anglais, l\u2019expression \u00ab quick on the draw \u00bb \u00e9voque la rapidit\u00e9 \u00e0 r\u00e9agir dans une situation de tension. En revanche, en japonais, la patience et la r\u00e9flexion profonde sont souvent valoris\u00e9es, ce qui montre une diff\u00e9rence culturelle majeure dans la perception de la vitesse mentale.<\/p>\n<h2 id=\"culture\" style=\"color: #2980b9; border-bottom: 2px solid #2980b9; padding-bottom: 8px; margin-top: 40px;\">La vitesse de la pens\u00e9e, la culture et la perception du temps en France<\/h2>\n<p style=\"margin-top: 10px;\">La culture fran\u00e7aise a traditionnellement une vision nuanc\u00e9e du temps. Si la perception de la lenteur est souvent associ\u00e9e \u00e0 la philosophie et \u00e0 la litt\u00e9rature, la modernit\u00e9 a accentu\u00e9 l\u2019importance de la rapidit\u00e9 dans la r\u00e9flexion. La c\u00e9l\u00e8bre expression \u00ab prendre son temps \u00bb illustre cette dualit\u00e9 : la n\u00e9cessit\u00e9 de r\u00e9fl\u00e9chir en profondeur versus le besoin de r\u00e9activit\u00e9.<\/p>\n<p style=\"margin-top: 10px;\">Cette perception influence nos choix : une r\u00e9flexion rapide peut mener \u00e0 des d\u00e9cisions impulsives, alors qu\u2019une r\u00e9flexion approfondie favorise des choix plus m\u00fbris. La litt\u00e9rature fran\u00e7aise, de Montaigne \u00e0 Sartre, a toujours explor\u00e9 cette relation complexe entre temps mental et temps v\u00e9cu.<\/p>\n<h2 id=\"manipulation\" style=\"color: #2980b9; border-bottom: 2px solid #2980b9; padding-bottom: 8px; margin-top: 40px;\">La vitesse de la pens\u00e9e et la manipulation : enjeux \u00e9thiques et soci\u00e9taux<\/h2>\n<p style=\"margin-top: 10px;\">Dans le domaine de la publicit\u00e9 et de la politique, la rapidit\u00e9 de la pens\u00e9e est souvent utilis\u00e9e comme un outil de persuasion. Les messages courts, percutants, ou encore les strat\u00e9gies de \u00ab rapid firing \u00bb dans les campagnes \u00e9lectorales exploitent cette vitesse pour influencer rapidement l\u2019opinion publique.<\/p>\n<p style=\"margin-top: 10px;\">Ce ph\u00e9nom\u00e8ne pose des enjeux \u00e9thiques importants : la manipulation des souvenirs, la diffusion de fausses informations, ou encore la construction d\u2019opinions biais\u00e9es. Par exemple, dans le contexte des jeux de hasard comme <a href=\"https:\/\/sweet-rush-bonanza.fr\/\" style=\"color: #e67e22; text-decoration: underline;\">Banane raisin c\u0153ur<\/a>, la rapidit\u00e9 \u00e0 faire un choix peut \u00eatre exploit\u00e9e pour encourager des comportements compulsifs, soulignant la n\u00e9cessit\u00e9 d\u2019une vigilance accrue.<\/p>\n<h2 id=\"metaphore\" style=\"color: #2980b9; border-bottom: 2px solid #2980b9; padding-bottom: 8px; margin-top: 40px;\">Approfondissement : La viscosit\u00e9 du caramel, une m\u00e9taphore pour la vitesse de la pens\u00e9e<\/h2>\n<p style=\"margin-top: 10px;\">Le caramel chaud, \u00e0 149\u00b0C, offre une m\u00e9taphore visuelle int\u00e9ressante : sa viscosit\u00e9 traduit la fluidit\u00e9 ou la rigidit\u00e9 mentale. Un caramel fluide permet une rotation ais\u00e9e, symbolisant une pens\u00e9e claire et rapide. \u00c0 l\u2019inverse, un caramel trop \u00e9pais illustre une pens\u00e9e fig\u00e9e, difficile \u00e0 faire \u00e9voluer.<\/p>\n<p style=\"margin-top: 10px;\">Le temps de rotation optimal d\u2019un rouleau dans une machine est une autre analogie : il doit \u00eatre ajust\u00e9 pour \u00e9viter la surcharge ou l\u2019insuffisance, tout comme la ma\u00eetrise de la vitesse mentale n\u00e9cessite de la patience et de la ma\u00eetrise. La ma\u00eetrise de cette vitesse implique aussi de savoir attendre le moment propice pour agir.<\/p>\n<h2 id=\"fiabilite\" style=\"color: #2980b9; border-bottom: 2px solid #2980b9; padding-bottom: 8px; margin-top: 40px;\">La r\u00e9alit\u00e9 atomique et la perception de la fiabilit\u00e9 de nos pens\u00e9es<\/h2>\n<p style=\"margin-top: 10px;\">Une m\u00e9taphore scientifique souligne la fragilit\u00e9 de nos souvenirs et certitudes : la vide \u00e0 99.9999% des atomes. Cette r\u00e9alit\u00e9 d\u00e9montre que, malgr\u00e9 leur apparence de solidit\u00e9, nos pens\u00e9es et souvenirs sont tr\u00e8s vuln\u00e9rables \u00e0 la d\u00e9formation ou \u00e0 la perte.<\/p>\n<p style=\"margin-top: 10px;\">Dans notre soci\u00e9t\u00e9 moderne, o\u00f9 l\u2019on promet souvent des syst\u00e8mes infaillibles de s\u00e9curit\u00e9 ou d\u2019information, cette fragilit\u00e9 invite \u00e0 la prudence. La confiance en nos jugements rapides doit \u00eatre temp\u00e9r\u00e9e par une conscience de leur potentiel d\u2019erreur, notamment dans des contextes o\u00f9 la rapidit\u00e9 prime sur la r\u00e9flexion approfondie.<\/p>\n<h2 id=\"conclusion\" style=\"color: #2980b9; border-bottom: 2px solid #2980b9; padding-bottom: 8px; margin-top: 40px;\">Conclusion : Vers une compr\u00e9hension \u00e9quilibr\u00e9e de la vitesse de la pens\u00e9e<\/h2>\n<p style=\"margin-top: 10px;\">En synth\u00e8se, la vitesse de la pens\u00e9e est un ph\u00e9nom\u00e8ne complexe, influenc\u00e9 par des facteurs culturels, biologiques et technologiques. Si une pens\u00e9e rapide peut enrichir notre capacit\u00e9 d\u2019adaptation et notre m\u00e9moire associative, elle comporte aussi des risques de pr\u00e9cipitation et d\u2019erreurs.<\/p>\n<p style=\"margin-top: 10px;\">Pour les Fran\u00e7ais, qui ont une riche tradition de r\u00e9flexion philosophique, il est essentiel de cultiver une vitesse mentale ma\u00eetris\u00e9e, alliant rapidit\u00e9 et profondeur. La cl\u00e9 r\u00e9side dans l\u2019\u00e9quilibre : savoir penser vite, mais aussi savoir prendre le temps de la r\u00e9flexion critique.<\/p>\n<blockquote style=\"margin-top: 20px; padding: 10px; background-color: #f9f9f9; border-left: 4px solid #2980b9; font-style: italic;\"><p>\u00ab La ma\u00eetrise de la vitesse de la pens\u00e9e permet d\u2019enrichir notre rapport au temps, \u00e0 la m\u00e9moire, et \u00e0 nos choix, tout en pr\u00e9servant la profondeur n\u00e9cessaire \u00e0 une vie r\u00e9fl\u00e9chie. \u00bb<\/p><\/blockquote>\n<p style=\"margin-top: 10px;\">En d\u00e9finitive, cette compr\u00e9hension \u00e9quilibr\u00e9e peut contribuer \u00e0 une soci\u00e9t\u00e9 fran\u00e7aise o\u00f9 la rapidit\u00e9 ne sacrifie pas la qualit\u00e9 de la r\u00e9flexion, et o\u00f9 la m\u00e9moire devient un outil de sagesse plut\u00f4t qu\u2019un simple souvenir fugace.<\/p>\n<\/div>\n","protected":false},"excerpt":{"rendered":"<p>Introduction : La vitesse de la pens\u00e9e, un concept cl\u00e9 pour comprendre nos choix et souvenirs Dans notre vie quotidienne, la rapidit\u00e9 avec laquelle notre esprit op\u00e8re joue un r\u00f4le souvent sous-estim\u00e9. La vitesse de la pens\u00e9e n\u2019est pas simplement une question de rapidit\u00e9 mentale, mais un facteur d\u00e9terminant dans nos d\u00e9cisions, nos r\u00e9actions, et [&hellip;]<\/p>\n","protected":false},"author":8,"featured_media":0,"comment_status":"closed","ping_status":"","sticky":false,"template":"","format":"standard","meta":{"_acf_changed":false,"nf_dc_page":"","site-sidebar-layout":"default","site-content-layout":"","ast-site-content-layout":"default","site-content-style":"default","site-sidebar-style":"default","ast-global-header-display":"","ast-banner-title-visibility":"","ast-main-header-display":"","ast-hfb-above-header-display":"","ast-hfb-below-header-display":"","ast-hfb-mobile-header-display":"","site-post-title":"","ast-breadcrumbs-content":"","ast-featured-img":"","footer-sml-layout":"","ast-disable-related-posts":"","theme-transparent-header-meta":"","adv-header-id-meta":"","stick-header-meta":"","header-above-stick-meta":"","header-main-stick-meta":"","header-below-stick-meta":"","astra-migrate-meta-layouts":"default","ast-page-background-enabled":"default","ast-page-background-meta":{"desktop":{"background-color":"var(--ast-global-color-4)","background-image":"","background-repeat":"repeat","background-position":"center center","background-size":"auto","background-attachment":"scroll","background-type":"","background-media":"","overlay-type":"","overlay-color":"","overlay-opacity":"","overlay-gradient":""},"tablet":{"background-color":"","background-image":"","background-repeat":"repeat","background-position":"center center","background-size":"auto","background-attachment":"scroll","background-type":"","background-media":"","overlay-type":"","overlay-color":"","overlay-opacity":"","overlay-gradient":""},"mobile":{"background-color":"","background-image":"","background-repeat":"repeat","background-position":"center center","background-size":"auto","background-attachment":"scroll","background-type":"","background-media":"","overlay-type":"","overlay-color":"","overlay-opacity":"","overlay-gradient":""}},"ast-content-background-meta":{"desktop":{"background-color":"var(--ast-global-color-5)","background-image":"","background-repeat":"repeat","background-position":"center center","background-size":"auto","background-attachment":"scroll","background-type":"","background-media":"","overlay-type":"","overlay-color":"","overlay-opacity":"","overlay-gradient":""},"tablet":{"background-color":"var(--ast-global-color-5)","background-image":"","background-repeat":"repeat","background-position":"center center","background-size":"auto","background-attachment":"scroll","background-type":"","background-media":"","overlay-type":"","overlay-color":"","overlay-opacity":"","overlay-gradient":""},"mobile":{"background-color":"var(--ast-global-color-5)","background-image":"","background-repeat":"repeat","background-position":"center center","background-size":"auto","background-attachment":"scroll","background-type":"","background-media":"","overlay-type":"","overlay-color":"","overlay-opacity":"","overlay-gradient":""}},"footnotes":""},"categories":[10],"tags":[],"class_list":["post-9688","post","type-post","status-publish","format-standard","hentry","category-sin-categoria-es"],"acf":[],"_links":{"self":[{"href":"https:\/\/republica.com.do\/banco-de-proyectos\/wp-json\/wp\/v2\/posts\/9688","targetHints":{"allow":["GET"]}}],"collection":[{"href":"https:\/\/republica.com.do\/banco-de-proyectos\/wp-json\/wp\/v2\/posts"}],"about":[{"href":"https:\/\/republica.com.do\/banco-de-proyectos\/wp-json\/wp\/v2\/types\/post"}],"author":[{"embeddable":true,"href":"https:\/\/republica.com.do\/banco-de-proyectos\/wp-json\/wp\/v2\/users\/8"}],"replies":[{"embeddable":true,"href":"https:\/\/republica.com.do\/banco-de-proyectos\/wp-json\/wp\/v2\/comments?post=9688"}],"version-history":[{"count":1,"href":"https:\/\/republica.com.do\/banco-de-proyectos\/wp-json\/wp\/v2\/posts\/9688\/revisions"}],"predecessor-version":[{"id":9689,"href":"https:\/\/republica.com.do\/banco-de-proyectos\/wp-json\/wp\/v2\/posts\/9688\/revisions\/9689"}],"wp:attachment":[{"href":"https:\/\/republica.com.do\/banco-de-proyectos\/wp-json\/wp\/v2\/media?parent=9688"}],"wp:term":[{"taxonomy":"category","embeddable":true,"href":"https:\/\/republica.com.do\/banco-de-proyectos\/wp-json\/wp\/v2\/categories?post=9688"},{"taxonomy":"post_tag","embeddable":true,"href":"https:\/\/republica.com.do\/banco-de-proyectos\/wp-json\/wp\/v2\/tags?post=9688"}],"curies":[{"name":"wp","href":"https:\/\/api.w.org\/{rel}","templated":true}]}}